{"id":1299,"date":"2012-07-23T18:15:36","date_gmt":"2012-07-23T17:15:36","guid":{"rendered":"http:\/\/guderley.com\/?p=1299"},"modified":"2012-07-23T19:33:08","modified_gmt":"2012-07-23T18:33:08","slug":"23-7-narva-estland-7-tag-467-km","status":"publish","type":"post","link":"http:\/\/guderley.com\/?p=1299","title":{"rendered":"23.7.  Narva \/ Estland &#8211; 7. Tag &#8211; 467 km"},"content":{"rendered":"<p> Heute morgen war die Sonne weg und ein sturmartiger Westwind gab die Richtung vor. Ich wollte sowieso weiter nach Osten, klar war aber auch dass der Wind den Regen heranblies.<\/p>\n<div class=\"separator\" style=\"clear: both; text-align: center;\"><a href=\"https:\/\/i0.wp.com\/guderley.com\/wp-content\/uploads\/2012\/07\/wpid-Photo-23.07.2012-1654.jpg\" target=\"_blank\" style=\"margin-left: 1em; margin-right: 1em;\"><img data-recalc-dims=\"1\" decoding=\"async\" src=\"https:\/\/i0.wp.com\/guderley.com\/wp-content\/uploads\/2012\/07\/wpid-Photo-23.07.2012-1654.jpg?resize=500%2C375\" id=\"blogsy-1343068199246.514\" class=\"aligncenter\" width=\"500\" height=\"375\" alt=\"\"><\/a><\/div>\n<p>Ich rollte entlang der Steilk\u00fcste nach Toila und n\u00e4herte mich damit einer Gegend welche im Fr\u00fchjahr 1944 heftig umk\u00e4mpft war und viele Zigtausend Tote auf allen Seiten gesehen hat. Der exzellent gepflegte deutsche Soldatenfriedhof am Rande des riesigen Parks in Toila, auf welchem rund 10000 deutsche M\u00e4nner zwischen 18 und 35 Jahren liegen, hat mich m\u00e4chtig traurig gestimmt. Am Narvaufer kurz vor der Stadt Narva ist ebenfalls noch ein riesiger deutscher Friedhof, der schon 1943 von der Wehrmacht benutzt wurde und heute von der Deutschen Kriegsgr\u00e4berf\u00fcrsorge liebevoll gepflegt wird.<\/p>\n<div class=\"separator\" style=\"clear: both; text-align: center;\"><a href=\"https:\/\/i0.wp.com\/guderley.com\/wp-content\/uploads\/2012\/07\/wpid-Photo-23.07.2012-1100.jpg\" target=\"_blank\" style=\"margin-left: 1em; margin-right: 1em;\"><img data-recalc-dims=\"1\" decoding=\"async\" src=\"https:\/\/i0.wp.com\/guderley.com\/wp-content\/uploads\/2012\/07\/wpid-Photo-23.07.2012-1100.jpg?resize=500%2C375\" id=\"blogsy-1343068199284.6235\" class=\"aligncenter\" width=\"500\" height=\"375\" alt=\"\"><\/a><\/div>\n<p>Das sollte eine ganze Weile so bleiben, zumal es heftig zu regnen begann und ich sp\u00e4ter eine ganze Reihe von Gedenkst\u00e4tten zur Erinnerung an die Schlachten rund um Narva passierte.<\/p>\n<p>Im L\u00e4ufe des Nachmittags erreichte ich die M\u00fcndung der Narva in den Finnischen Meerbusen und einen Steinwurf entfernt liegt das russische Ufer, welches nach dem Krieg bis zur Wende keine wirkliche Grenze war. Heute stellt es in der Tat eine EU-Au\u00dfengrenze dar. Diesen nord\u00f6stlichsten Punkt meiner Tour begoss ich mit einem gro\u00dfen Wodka, der mir f\u00fcr einige Kilometer ganz sch\u00f6n in die Beine fuhr. <\/p>\n<div class=\"separator\" style=\"clear: both; text-align: center;\"><a href=\"https:\/\/i0.wp.com\/guderley.com\/wp-contentqq\/uploads\/2012\/07\/wpid-Photo-23.07.2012-1551.jpg\" target=\"_blank\" style=\"margin-left: 1em; margin-right: 1em;\"><img data-recalc-dims=\"1\" decoding=\"async\" src=\"https:\/\/i0.wp.com\/guderley.com\/wp-content\/uploads\/2012\/07\/wpid-Photo-23.07.2012-1551.jpg?resize=500%2C375\" id=\"blogsy-1343068199365.6082\" class=\"aligncenter\" width=\"500\" height=\"375\" alt=\"\"><\/a><\/div>\n<div class=\"separator\" style=\"clear: both; text-align: none;\"><a href=\"https:\/\/i0.wp.com\/guderley.com\/wp-content\/uploads\/2012\/07\/wpid-Photo-23.07.2012-1547.jpg\" target=\"_blank\" style=\"\"><img data-recalc-dims=\"1\" decoding=\"async\" src=\"https:\/\/i0.wp.com\/guderley.com\/wp-content\/uploads\/2012\/07\/wpid-Photo-23.07.2012-1547.jpg?resize=500%2C375\" id=\"blogsy-1343068199322.5093\" class=\"aligncenter\" width=\"500\" height=\"375\" alt=\"\"><\/a><\/div>\n<p>Ab Toila bin ich heute quasi in der Gegenrichtung auf dem Europaradweg R 1 gefahren, der von Sankt Petersburg via Berlin nach Boulogne-sur-Mer f\u00fchrt. Zun\u00e4chst bin ich einem \u00f6sterreichischen P\u00e4rchen begegnet mit Ziel Berlin und sp\u00e4ter noch vier Berlinern im str\u00f6menden Regen, die auf meine Frage &#8222;wohin&#8220; nur nach Hause antworteten, da liegen allerdings noch etliche Kilometer dazwischen.<\/p>\n<p>In der Tourist-Info in Narva traf ich drei Jungs aus London, die mit wenig Gep\u00e4ck und schnellen R\u00e4dern 3500 km von London \u00fcber Berlin hier in Narva auf die letzte Etappe bis Sankt Petersburg gehen (150 km). Zu Beginn der Olympiade wollen sie wieder in London sein (allerdings nicht mehr mit dem Rad).<\/p>\n<p>Diese Begegnungen und die kurzen Gespr\u00e4che \u00fcber Routen und Wege auf Europas Stra\u00dfen sind immer wieder willkommen und stellen eine zus\u00e4tzliche Motivation dar. Beim Einchecken im Hotel gab es noch einen netten Austausch mit einigen Jugendlichen aus Sankt Petersburg, die zu einem Eishockey-Trainingslager hier in Narva sind und meinen vollgepackten &#8222;Blauen Elefanten&#8220; bestaunten.<\/p>\n<div class=\"separator\" style=\"clear: both; text-align: center;\"><a href=\"https:\/\/i0.wp.com\/guderley.com\/wp-content\/uploads\/2012\/07\/wpid-Photo-23.07.2012-1706.jpg\" target=\"_blank\" style=\"margin-left: 1em; margin-right: 1em;\"><img data-recalc-dims=\"1\" decoding=\"async\" src=\"https:\/\/i0.wp.com\/guderley.com\/wp-content\/uploads\/2012\/07\/wpid-Photo-23.07.2012-1706.jpg?resize=500%2C375\" id=\"blogsy-1343068199372.4768\" class=\"aligncenter\" width=\"500\" height=\"375\" alt=\"\"><\/a><\/div>\n<p>\u00dcber den Flu\u00df hin\u00fcber liegt Iwangorod und die Grenze nach Russland. Hier in Narva ist die Bev\u00f6lkerung \u00fcberwiegend russisch und was ich so an Wohnbl\u00f6cken gesehen habe ist erschreckend, da sind die Wohnbl\u00f6cke in AB-Damm als gerade luxuri\u00f6s zu bezeichnen. Der absolute Tiefpunkt war das Durchfahren der ehemals &#8222;Geschlossenen Stadt&#8220; Sillam\u00e4e, das war das Uranzentrum der UdSSR und jahrzehntelang auf keinen Landkarten vorhanden. <\/p>\n<p>Morgen geht es in grober Richtung nach S\u00fcdosten. Das Ziel in einigen Tagen hei\u00dft Tartu, das ehemalige Dorpat, die zweitgr\u00f6\u00dfte Stadt hier in Estland. Allerdings muss ich morgen fr\u00fch erstmal rund 50 km auf der Hauptroute der E 1 nach Westen zur\u00fcckfahren, ehe ich dann Richtung Peipussee abbiegen kann. Na ja, vielleicht ist der Westwind von heute morgen mein Freund.<\/p>\n<p>&nbsp;<\/p>\n<div style=\"text-align: right; font-size: small;\" id=\"blogsy_footer\"><a href=\"http:\/\/blogsyapp.com\" target=\"_blank\"><img data-recalc-dims=\"1\" decoding=\"async\" src=\"https:\/\/i0.wp.com\/blogsyapp.com\/images\/blogsy_footer_icon.png?resize=20%2C20\" alt=\"Mit Blogsy ver\u00f6ffentlicht\" style=\"vertical-align: middle; margin-right: 5px;\" width=\"20\" height=\"20\" \/>Mit Blogsy ver\u00f6ffentlicht<\/a><\/div>\n","protected":false},"excerpt":{"rendered":"<p>Heute morgen war die Sonne weg und ein sturmartiger Westwind gab die Richtung vor. Ich wollte sowieso weiter nach Osten, klar war aber auch dass der Wind den Regen heranblies. Ich rollte entlang der Steilk\u00fcste nach Toila und n\u00e4herte mich damit einer Gegend welche im Fr\u00fchjahr 1944 heftig umk\u00e4mpft war und viele Zigtausend Tote auf [&hellip;]<\/p>\n","protected":false},"author":2,"featured_media":0,"comment_status":"open","ping_status":"open","sticky":false,"template":"","format":"standard","meta":{"_jetpack_newsletter_access":"","_jetpack_dont_email_post_to_subs":false,"_jetpack_newsletter_tier_id":0,"_jetpack_memberships_contains_paywalled_content":false,"_jetpack_memberships_contains_paid_content":false,"footnotes":""},"categories":[22],"tags":[],"class_list":["post-1299","post","type-post","status-publish","format-standard","hentry","category-baltikum-2012"],"yoast_head":"<!-- This site is optimized with the Yoast SEO plugin v25.8 - https:\/\/yoast.com\/wordpress\/plugins\/seo\/ -->\n<title>23.7. Narva \/ Estland - 7. Tag - 467 km - G\u00fcnter&#039;s Blog<\/title>\n<meta name=\"robots\" content=\"index, follow, max-snippet:-1, max-image-preview:large, max-video-preview:-1\" \/>\n<link rel=\"canonical\" href=\"https:\/\/guderley.com\/?p=1299\" \/>\n<meta property=\"og:locale\" content=\"de_DE\" \/>\n<meta property=\"og:type\" content=\"article\" \/>\n<meta property=\"og:title\" content=\"23.7. Narva \/ Estland - 7. Tag - 467 km - G\u00fcnter&#039;s Blog\" \/>\n<meta property=\"og:description\" content=\"Heute morgen war die Sonne weg und ein sturmartiger Westwind gab die Richtung vor. Ich wollte sowieso weiter nach Osten, klar war aber auch dass der Wind den Regen heranblies. Ich rollte entlang der Steilk\u00fcste nach Toila und n\u00e4herte mich damit einer Gegend welche im Fr\u00fchjahr 1944 heftig umk\u00e4mpft war und viele Zigtausend Tote auf [&hellip;]\" \/>\n<meta property=\"og:url\" content=\"https:\/\/guderley.com\/?p=1299\" \/>\n<meta property=\"og:site_name\" content=\"G\u00fcnter&#039;s Blog\" \/>\n<meta property=\"article:published_time\" content=\"2012-07-23T17:15:36+00:00\" \/>\n<meta property=\"article:modified_time\" content=\"2012-07-23T18:33:08+00:00\" \/>\n<meta property=\"og:image\" content=\"http:\/\/guderley.com\/wp-content\/uploads\/2012\/07\/wpid-Photo-23.07.2012-1654.jpg\" \/>\n<meta name=\"author\" content=\"guenter\" \/>\n<meta name=\"twitter:card\" content=\"summary_large_image\" \/>\n<meta name=\"twitter:label1\" content=\"Verfasst von\" \/>\n\t<meta name=\"twitter:data1\" content=\"guenter\" \/>\n\t<meta name=\"twitter:label2\" content=\"Gesch\u00e4tzte Lesezeit\" \/>\n\t<meta name=\"twitter:data2\" content=\"3\u00a0Minuten\" \/>\n<script type=\"application\/ld+json\" class=\"yoast-schema-graph\">{\"@context\":\"https:\/\/schema.org\",\"@graph\":[{\"@type\":\"Article\",\"@id\":\"https:\/\/guderley.com\/?p=1299#article\",\"isPartOf\":{\"@id\":\"https:\/\/guderley.com\/?p=1299\"},\"author\":{\"name\":\"guenter\",\"@id\":\"https:\/\/guderley.com\/#\/schema\/person\/24a827645a6fedd3481426a7028dfdcd\"},\"headline\":\"23.7. Narva \/ Estland &#8211; 7. Tag &#8211; 467 km\",\"datePublished\":\"2012-07-23T17:15:36+00:00\",\"dateModified\":\"2012-07-23T18:33:08+00:00\",\"mainEntityOfPage\":{\"@id\":\"https:\/\/guderley.com\/?p=1299\"},\"wordCount\":539,\"commentCount\":1,\"publisher\":{\"@id\":\"https:\/\/guderley.com\/#\/schema\/person\/24a827645a6fedd3481426a7028dfdcd\"},\"image\":{\"@id\":\"https:\/\/guderley.com\/?p=1299#primaryimage\"},\"thumbnailUrl\":\"http:\/\/guderley.com\/wp-content\/uploads\/2012\/07\/wpid-Photo-23.07.2012-1654.jpg\",\"articleSection\":[\"2012 BALTIKUM\"],\"inLanguage\":\"de\",\"potentialAction\":[{\"@type\":\"CommentAction\",\"name\":\"Comment\",\"target\":[\"https:\/\/guderley.com\/?p=1299#respond\"]}]},{\"@type\":\"WebPage\",\"@id\":\"https:\/\/guderley.com\/?p=1299\",\"url\":\"https:\/\/guderley.com\/?p=1299\",\"name\":\"23.7. Narva \/ Estland - 7. Tag - 467 km - G\u00fcnter&#039;s Blog\",\"isPartOf\":{\"@id\":\"https:\/\/guderley.com\/#website\"},\"primaryImageOfPage\":{\"@id\":\"https:\/\/guderley.com\/?p=1299#primaryimage\"},\"image\":{\"@id\":\"https:\/\/guderley.com\/?p=1299#primaryimage\"},\"thumbnailUrl\":\"http:\/\/guderley.com\/wp-content\/uploads\/2012\/07\/wpid-Photo-23.07.2012-1654.jpg\",\"datePublished\":\"2012-07-23T17:15:36+00:00\",\"dateModified\":\"2012-07-23T18:33:08+00:00\",\"breadcrumb\":{\"@id\":\"https:\/\/guderley.com\/?p=1299#breadcrumb\"},\"inLanguage\":\"de\",\"potentialAction\":[{\"@type\":\"ReadAction\",\"target\":[\"https:\/\/guderley.com\/?p=1299\"]}]},{\"@type\":\"ImageObject\",\"inLanguage\":\"de\",\"@id\":\"https:\/\/guderley.com\/?p=1299#primaryimage\",\"url\":\"https:\/\/i0.wp.com\/guderley.com\/wp-content\/uploads\/2012\/07\/wpid-Photo-23.07.2012-1654.jpg?fit=1024%2C768\",\"contentUrl\":\"https:\/\/i0.wp.com\/guderley.com\/wp-content\/uploads\/2012\/07\/wpid-Photo-23.07.2012-1654.jpg?fit=1024%2C768\",\"width\":\"1024\",\"height\":\"768\"},{\"@type\":\"BreadcrumbList\",\"@id\":\"https:\/\/guderley.com\/?p=1299#breadcrumb\",\"itemListElement\":[{\"@type\":\"ListItem\",\"position\":1,\"name\":\"Startseite\",\"item\":\"https:\/\/guderley.com\/\"},{\"@type\":\"ListItem\",\"position\":2,\"name\":\"23.7. Narva \/ Estland &#8211; 7. Tag &#8211; 467 km\"}]},{\"@type\":\"WebSite\",\"@id\":\"https:\/\/guderley.com\/#website\",\"url\":\"https:\/\/guderley.com\/\",\"name\":\"G\u00fcnter's Blog\",\"description\":\"Fahrrad Touren rund um die Welt\",\"publisher\":{\"@id\":\"https:\/\/guderley.com\/#\/schema\/person\/24a827645a6fedd3481426a7028dfdcd\"},\"alternateName\":\"G\u00fcnter's Blog\",\"potentialAction\":[{\"@type\":\"SearchAction\",\"target\":{\"@type\":\"EntryPoint\",\"urlTemplate\":\"https:\/\/guderley.com\/?s={search_term_string}\"},\"query-input\":{\"@type\":\"PropertyValueSpecification\",\"valueRequired\":true,\"valueName\":\"search_term_string\"}}],\"inLanguage\":\"de\"},{\"@type\":[\"Person\",\"Organization\"],\"@id\":\"https:\/\/guderley.com\/#\/schema\/person\/24a827645a6fedd3481426a7028dfdcd\",\"name\":\"guenter\",\"image\":{\"@type\":\"ImageObject\",\"inLanguage\":\"de\",\"@id\":\"https:\/\/guderley.com\/#\/schema\/person\/image\/\",\"url\":\"https:\/\/i0.wp.com\/guderley.com\/wp-content\/uploads\/img_8008-scaled.jpg?fit=1920%2C2560\",\"contentUrl\":\"https:\/\/i0.wp.com\/guderley.com\/wp-content\/uploads\/img_8008-scaled.jpg?fit=1920%2C2560\",\"width\":1920,\"height\":2560,\"caption\":\"guenter\"},\"logo\":{\"@id\":\"https:\/\/guderley.com\/#\/schema\/person\/image\/\"},\"sameAs\":[\"http:\/\/guderley.com\/blog\"],\"url\":\"http:\/\/guderley.com\/?author=2\"}]}<\/script>\n<!-- \/ Yoast SEO plugin. -->","yoast_head_json":{"title":"23.7. Narva \/ Estland - 7. Tag - 467 km - G\u00fcnter&#039;s Blog","robots":{"index":"index","follow":"follow","max-snippet":"max-snippet:-1","max-image-preview":"max-image-preview:large","max-video-preview":"max-video-preview:-1"},"canonical":"https:\/\/guderley.com\/?p=1299","og_locale":"de_DE","og_type":"article","og_title":"23.7. Narva \/ Estland - 7. Tag - 467 km - G\u00fcnter&#039;s Blog","og_description":"Heute morgen war die Sonne weg und ein sturmartiger Westwind gab die Richtung vor. Ich wollte sowieso weiter nach Osten, klar war aber auch dass der Wind den Regen heranblies. Ich rollte entlang der Steilk\u00fcste nach Toila und n\u00e4herte mich damit einer Gegend welche im Fr\u00fchjahr 1944 heftig umk\u00e4mpft war und viele Zigtausend Tote auf [&hellip;]","og_url":"https:\/\/guderley.com\/?p=1299","og_site_name":"G\u00fcnter&#039;s Blog","article_published_time":"2012-07-23T17:15:36+00:00","article_modified_time":"2012-07-23T18:33:08+00:00","og_image":[{"url":"http:\/\/guderley.com\/wp-content\/uploads\/2012\/07\/wpid-Photo-23.07.2012-1654.jpg","type":"","width":"","height":""}],"author":"guenter","twitter_card":"summary_large_image","twitter_misc":{"Verfasst von":"guenter","Gesch\u00e4tzte Lesezeit":"3\u00a0Minuten"},"schema":{"@context":"https:\/\/schema.org","@graph":[{"@type":"Article","@id":"https:\/\/guderley.com\/?p=1299#article","isPartOf":{"@id":"https:\/\/guderley.com\/?p=1299"},"author":{"name":"guenter","@id":"https:\/\/guderley.com\/#\/schema\/person\/24a827645a6fedd3481426a7028dfdcd"},"headline":"23.7. Narva \/ Estland &#8211; 7. Tag &#8211; 467 km","datePublished":"2012-07-23T17:15:36+00:00","dateModified":"2012-07-23T18:33:08+00:00","mainEntityOfPage":{"@id":"https:\/\/guderley.com\/?p=1299"},"wordCount":539,"commentCount":1,"publisher":{"@id":"https:\/\/guderley.com\/#\/schema\/person\/24a827645a6fedd3481426a7028dfdcd"},"image":{"@id":"https:\/\/guderley.com\/?p=1299#primaryimage"},"thumbnailUrl":"http:\/\/guderley.com\/wp-content\/uploads\/2012\/07\/wpid-Photo-23.07.2012-1654.jpg","articleSection":["2012 BALTIKUM"],"inLanguage":"de","potentialAction":[{"@type":"CommentAction","name":"Comment","target":["https:\/\/guderley.com\/?p=1299#respond"]}]},{"@type":"WebPage","@id":"https:\/\/guderley.com\/?p=1299","url":"https:\/\/guderley.com\/?p=1299","name":"23.7. Narva \/ Estland - 7. Tag - 467 km - G\u00fcnter&#039;s Blog","isPartOf":{"@id":"https:\/\/guderley.com\/#website"},"primaryImageOfPage":{"@id":"https:\/\/guderley.com\/?p=1299#primaryimage"},"image":{"@id":"https:\/\/guderley.com\/?p=1299#primaryimage"},"thumbnailUrl":"http:\/\/guderley.com\/wp-content\/uploads\/2012\/07\/wpid-Photo-23.07.2012-1654.jpg","datePublished":"2012-07-23T17:15:36+00:00","dateModified":"2012-07-23T18:33:08+00:00","breadcrumb":{"@id":"https:\/\/guderley.com\/?p=1299#breadcrumb"},"inLanguage":"de","potentialAction":[{"@type":"ReadAction","target":["https:\/\/guderley.com\/?p=1299"]}]},{"@type":"ImageObject","inLanguage":"de","@id":"https:\/\/guderley.com\/?p=1299#primaryimage","url":"https:\/\/i0.wp.com\/guderley.com\/wp-content\/uploads\/2012\/07\/wpid-Photo-23.07.2012-1654.jpg?fit=1024%2C768","contentUrl":"https:\/\/i0.wp.com\/guderley.com\/wp-content\/uploads\/2012\/07\/wpid-Photo-23.07.2012-1654.jpg?fit=1024%2C768","width":"1024","height":"768"},{"@type":"BreadcrumbList","@id":"https:\/\/guderley.com\/?p=1299#breadcrumb","itemListElement":[{"@type":"ListItem","position":1,"name":"Startseite","item":"https:\/\/guderley.com\/"},{"@type":"ListItem","position":2,"name":"23.7. Narva \/ Estland &#8211; 7. Tag &#8211; 467 km"}]},{"@type":"WebSite","@id":"https:\/\/guderley.com\/#website","url":"https:\/\/guderley.com\/","name":"G\u00fcnter's Blog","description":"Fahrrad Touren rund um die Welt","publisher":{"@id":"https:\/\/guderley.com\/#\/schema\/person\/24a827645a6fedd3481426a7028dfdcd"},"alternateName":"G\u00fcnter's Blog","potentialAction":[{"@type":"SearchAction","target":{"@type":"EntryPoint","urlTemplate":"https:\/\/guderley.com\/?s={search_term_string}"},"query-input":{"@type":"PropertyValueSpecification","valueRequired":true,"valueName":"search_term_string"}}],"inLanguage":"de"},{"@type":["Person","Organization"],"@id":"https:\/\/guderley.com\/#\/schema\/person\/24a827645a6fedd3481426a7028dfdcd","name":"guenter","image":{"@type":"ImageObject","inLanguage":"de","@id":"https:\/\/guderley.com\/#\/schema\/person\/image\/","url":"https:\/\/i0.wp.com\/guderley.com\/wp-content\/uploads\/img_8008-scaled.jpg?fit=1920%2C2560","contentUrl":"https:\/\/i0.wp.com\/guderley.com\/wp-content\/uploads\/img_8008-scaled.jpg?fit=1920%2C2560","width":1920,"height":2560,"caption":"guenter"},"logo":{"@id":"https:\/\/guderley.com\/#\/schema\/person\/image\/"},"sameAs":["http:\/\/guderley.com\/blog"],"url":"http:\/\/guderley.com\/?author=2"}]}},"jetpack_featured_media_url":"","jetpack_sharing_enabled":true,"jetpack_shortlink":"https:\/\/wp.me\/p9IuXF-kX","jetpack_likes_enabled":true,"jetpack-related-posts":[{"id":1286,"url":"http:\/\/guderley.com\/?p=1286","url_meta":{"origin":1299,"position":0},"title":"22.7.  Saka \/ Estland &#8211; 6. Tag &#8211; 380 km","author":"guenter","date":"Juli 22, 2012","format":false,"excerpt":"Ein strahlend blauer Tag begr\u00fc\u00dft mich heute morgen als ich Rakvere verlasse. Ich orientiere mich im Moment ja im wesentlichen an die estnischen Fahrradrouten, im Moment konkret der Nummer 1 bis Narva. Nachdem ich die Route gestern Nachmittag verlassen hatte musste ich heute morgen erstmal rund 30 km quasi zur\u00fcck\u2026","rel":"","context":"In &quot;2012 BALTIKUM&quot;","block_context":{"text":"2012 BALTIKUM","link":"http:\/\/guderley.com\/?cat=22"},"img":{"alt_text":"","src":"https:\/\/i0.wp.com\/guderley.com\/wp-content\/uploads\/2012\/07\/wpid-Photo-22.07.2012-2208.jpg?resize=350%2C200","width":350,"height":200,"srcset":"https:\/\/i0.wp.com\/guderley.com\/wp-content\/uploads\/2012\/07\/wpid-Photo-22.07.2012-2208.jpg?resize=350%2C200 1x, https:\/\/i0.wp.com\/guderley.com\/wp-content\/uploads\/2012\/07\/wpid-Photo-22.07.2012-2208.jpg?resize=525%2C300 1.5x, https:\/\/i0.wp.com\/guderley.com\/wp-content\/uploads\/2012\/07\/wpid-Photo-22.07.2012-2208.jpg?resize=700%2C400 2x"},"classes":[]},{"id":1306,"url":"http:\/\/guderley.com\/?p=1306","url_meta":{"origin":1299,"position":1},"title":"24.7.  Kauksi \/ Estland &#8211; 8. Tag &#8211; 602 km","author":"guenter","date":"Juli 25, 2012","format":false,"excerpt":"Es sollte ein sehr langer Radtag werden, das wusste ich allerdings morgens um 8 Uhr vor der be\u00fchmten Festung in Narva noch nicht. Es hatte die ganze Nacht m\u00e4chtig geregnet aber p\u00fcnktlich um 6 Uhr h\u00f6rte es auf. Frohen Mutes machte ich mich auf den Weg zur\u00fcck. Ich musste etwa\u2026","rel":"","context":"In &quot;2012 BALTIKUM&quot;","block_context":{"text":"2012 BALTIKUM","link":"http:\/\/guderley.com\/?cat=22"},"img":{"alt_text":"","src":"https:\/\/i0.wp.com\/guderley.com\/wp-content\/uploads\/2012\/07\/wpid-Photo-24.07.2012-1923.jpg?resize=350%2C200","width":350,"height":200,"srcset":"https:\/\/i0.wp.com\/guderley.com\/wp-content\/uploads\/2012\/07\/wpid-Photo-24.07.2012-1923.jpg?resize=350%2C200 1x, https:\/\/i0.wp.com\/guderley.com\/wp-content\/uploads\/2012\/07\/wpid-Photo-24.07.2012-1923.jpg?resize=525%2C300 1.5x, https:\/\/i0.wp.com\/guderley.com\/wp-content\/uploads\/2012\/07\/wpid-Photo-24.07.2012-1923.jpg?resize=700%2C400 2x"},"classes":[]},{"id":2897,"url":"http:\/\/guderley.com\/?p=2897","url_meta":{"origin":1299,"position":2},"title":"Tag 33 &#8211; Mo 29.6.2015 &#8211; Heimreise","author":"guenter","date":"Juni 29, 2015","format":false,"excerpt":"Gegen 9 Uhr war ich am Bahnhof in Orl\u00e9ans - vor mir lagen 5 mal Umsteigen, ein Bahnhofswechsel in Paris und rund 13 Stunden bis Aschaffenburg. Jetzt ist es genau 12 Stunden sp\u00e4ter und ich bin gerade in den letzten Zug, der mich von Mainz nach Aschaffenburg bringt, eingestiegen.Summa summarum\u2026","rel":"","context":"In &quot;2015 BENELUX - FRANKREICH&quot;","block_context":{"text":"2015 BENELUX - FRANKREICH","link":"http:\/\/guderley.com\/?cat=27"},"img":{"alt_text":"","src":"https:\/\/i0.wp.com\/guderley.com\/wp-content\/uploads\/2015\/06\/wpid-Photo-29.06.2015-0344.jpg?resize=350%2C200","width":350,"height":200,"srcset":"https:\/\/i0.wp.com\/guderley.com\/wp-content\/uploads\/2015\/06\/wpid-Photo-29.06.2015-0344.jpg?resize=350%2C200 1x, https:\/\/i0.wp.com\/guderley.com\/wp-content\/uploads\/2015\/06\/wpid-Photo-29.06.2015-0344.jpg?resize=525%2C300 1.5x, https:\/\/i0.wp.com\/guderley.com\/wp-content\/uploads\/2015\/06\/wpid-Photo-29.06.2015-0344.jpg?resize=700%2C400 2x"},"classes":[]},{"id":1709,"url":"http:\/\/guderley.com\/?p=1709","url_meta":{"origin":1299,"position":3},"title":"Kiel  &#8211;  Tag 7  &#8211;  Sonntag, 19. Mai","author":"guenter","date":"Mai 19, 2013","format":false,"excerpt":"68 km \/ 337 hm \/ 4:03 h - Gesamt 842 km \/ 3524 hm \/ 48:50 h Es ist vollbracht. Die \"deutsche Etappe\" - quasi ein Viertel des Ganzen - ist zu Ende und das Abenteuer Skandinavien beginnt in K\u00fcrze. Ich bin in Kiel am Schwedenkai angekommen, habe auf\u2026","rel":"","context":"In &quot;2013 NORDKAPP&quot;","block_context":{"text":"2013 NORDKAPP","link":"http:\/\/guderley.com\/?cat=23"},"img":{"alt_text":"","src":"https:\/\/i0.wp.com\/guderley.com\/wp-content\/uploads\/2013\/05\/wpid-Photo-19.05.2013-1415.jpg?resize=350%2C200","width":350,"height":200,"srcset":"https:\/\/i0.wp.com\/guderley.com\/wp-content\/uploads\/2013\/05\/wpid-Photo-19.05.2013-1415.jpg?resize=350%2C200 1x, https:\/\/i0.wp.com\/guderley.com\/wp-content\/uploads\/2013\/05\/wpid-Photo-19.05.2013-1415.jpg?resize=525%2C300 1.5x, https:\/\/i0.wp.com\/guderley.com\/wp-content\/uploads\/2013\/05\/wpid-Photo-19.05.2013-1415.jpg?resize=700%2C400 2x"},"classes":[]},{"id":2793,"url":"http:\/\/guderley.com\/?p=2793","url_meta":{"origin":1299,"position":4},"title":"Tag 19 &#8211; Mo 15.6.2015 &#8211; 98 km B\u00e9nouville \/ Gesamt: 2054 km","author":"guenter","date":"Juni 16, 2015","format":false,"excerpt":"Der Start in den Tag geht im Hotel etwas weniger aufw\u00e4ndig - als im Zelt. Das erste Ziel f\u00fcr heute war, die Pont de Normandie, eine imposante Schr\u00e4gseilbr\u00fccke, als Radfahrer zu erreichen. Klar war es gibt eine - wenn auch schmale - Radspur um hin\u00fcber auf die andere Seite der\u2026","rel":"","context":"In &quot;2015 BENELUX - FRANKREICH&quot;","block_context":{"text":"2015 BENELUX - FRANKREICH","link":"http:\/\/guderley.com\/?cat=27"},"img":{"alt_text":"","src":"https:\/\/i0.wp.com\/guderley.com\/wp-content\/uploads\/2015\/06\/wpid-Photo-15.06.2015-1638.jpg?resize=350%2C200","width":350,"height":200,"srcset":"https:\/\/i0.wp.com\/guderley.com\/wp-content\/uploads\/2015\/06\/wpid-Photo-15.06.2015-1638.jpg?resize=350%2C200 1x, https:\/\/i0.wp.com\/guderley.com\/wp-content\/uploads\/2015\/06\/wpid-Photo-15.06.2015-1638.jpg?resize=525%2C300 1.5x, https:\/\/i0.wp.com\/guderley.com\/wp-content\/uploads\/2015\/06\/wpid-Photo-15.06.2015-1638.jpg?resize=700%2C400 2x"},"classes":[]},{"id":5853,"url":"http:\/\/guderley.com\/?p=5853","url_meta":{"origin":1299,"position":5},"title":"Tag 7 &#8211; Sa &#8211; 17.8.2024 &#8211; Maribor\/SI &#8211; 61 km &#8211; Gesamt-km: 532","author":"guenter","date":"August 17, 2024","format":false,"excerpt":"Heute Morgen hatte ich keine Lust auf Radfahren - beim Fr\u00fchst\u00fcck in diesem gro\u00dfen Vital-Hotel nervte mich das Gedr\u00e4ngel am Buffet - ich selbst f\u00fchlte mich auch nicht wirklich gut. Habe rumgebummelt und bin erst um zehn Uhr losgefahren. Von der Hitze will ich garnicht mehr reden - die ist\u2026","rel":"","context":"In &quot;2024_Sommer-Tour - 5 L\u00e4nder&quot;","block_context":{"text":"2024_Sommer-Tour - 5 L\u00e4nder","link":"http:\/\/guderley.com\/?cat=35"},"img":{"alt_text":"","src":"https:\/\/i0.wp.com\/guderley.com\/wp-content\/uploads\/img_7028.jpg?resize=350%2C200","width":350,"height":200,"srcset":"https:\/\/i0.wp.com\/guderley.com\/wp-content\/uploads\/img_7028.jpg?resize=350%2C200 1x, https:\/\/i0.wp.com\/guderley.com\/wp-content\/uploads\/img_7028.jpg?resize=525%2C300 1.5x, https:\/\/i0.wp.com\/guderley.com\/wp-content\/uploads\/img_7028.jpg?resize=700%2C400 2x, https:\/\/i0.wp.com\/guderley.com\/wp-content\/uploads\/img_7028.jpg?resize=1050%2C600 3x, https:\/\/i0.wp.com\/guderley.com\/wp-content\/uploads\/img_7028.jpg?resize=1400%2C800 4x"},"classes":[]}],"_links":{"self":[{"href":"http:\/\/guderley.com\/index.php?rest_route=\/wp\/v2\/posts\/1299","targetHints":{"allow":["GET"]}}],"collection":[{"href":"http:\/\/guderley.com\/index.php?rest_route=\/wp\/v2\/posts"}],"about":[{"href":"http:\/\/guderley.com\/index.php?rest_route=\/wp\/v2\/types\/post"}],"author":[{"embeddable":true,"href":"http:\/\/guderley.com\/index.php?rest_route=\/wp\/v2\/users\/2"}],"replies":[{"embeddable":true,"href":"http:\/\/guderley.com\/index.php?rest_route=%2Fwp%2Fv2%2Fcomments&post=1299"}],"version-history":[{"count":1,"href":"http:\/\/guderley.com\/index.php?rest_route=\/wp\/v2\/posts\/1299\/revisions"}],"predecessor-version":[{"id":1300,"href":"http:\/\/guderley.com\/index.php?rest_route=\/wp\/v2\/posts\/1299\/revisions\/1300"}],"wp:attachment":[{"href":"http:\/\/guderley.com\/index.php?rest_route=%2Fwp%2Fv2%2Fmedia&parent=1299"}],"wp:term":[{"taxonomy":"category","embeddable":true,"href":"http:\/\/guderley.com\/index.php?rest_route=%2Fwp%2Fv2%2Fcategories&post=1299"},{"taxonomy":"post_tag","embeddable":true,"href":"http:\/\/guderley.com\/index.php?rest_route=%2Fwp%2Fv2%2Ftags&post=1299"}],"curies":[{"name":"wp","href":"https:\/\/api.w.org\/{rel}","templated":true}]}}