{"id":1286,"date":"2012-07-22T17:38:57","date_gmt":"2012-07-22T16:38:57","guid":{"rendered":"http:\/\/guderley.com\/?p=1286"},"modified":"2012-07-22T21:09:19","modified_gmt":"2012-07-22T20:09:19","slug":"22-7-saka-estland-6-tag-380-km","status":"publish","type":"post","link":"http:\/\/guderley.com\/?p=1286","title":{"rendered":"22.7.  Saka \/ Estland &#8211; 6. Tag &#8211; 380 km"},"content":{"rendered":"<p> Ein strahlend blauer Tag begr\u00fc\u00dft mich heute morgen als ich Rakvere verlasse. Ich orientiere mich im Moment ja im wesentlichen an die estnischen Fahrradrouten, im Moment konkret der Nummer 1 bis Narva. Nachdem ich die Route gestern Nachmittag verlassen hatte musste ich heute morgen erstmal rund 30 km quasi zur\u00fcck auf den 1er, das ging mal wieder nicht ganz so perfekt, aber irgendwie kommt man doch immer wieder auf die Spur.<\/p>\n<div class=\"separator\" style=\"clear: both; text-align: center;\"><a href=\"https:\/\/i0.wp.com\/guderley.com\/wp-content\/uploads\/2012\/07\/wpid-Photo-22.07.2012-1142.jpg\" target=\"_blank\" style=\"margin-left: 1em; margin-right: 1em;\"><img data-recalc-dims=\"1\" decoding=\"async\" src=\"https:\/\/i0.wp.com\/guderley.com\/wp-content\/uploads\/2012\/07\/wpid-Photo-22.07.2012-1142.jpg?resize=500%2C375\" id=\"blogsy-1342987763891.1384\" class=\"aligncenter\" alt=\"\" width=\"500\" height=\"375\"><\/a><\/div>\n<p>Die K\u00fcste ver\u00e4ndert sich nach Osten zu und wird mehr und mehr zur Steilk\u00fcste, das war immer mal wieder auch im Hinterland sp\u00fcrbar, ein bisschen Wind kam dann auch entgegen, na ja und der eine oder andere Kilometer war etwas m\u00fchsam.<\/p>\n<div class=\"separator\" style=\"clear: both; text-align: center;\"><a href=\"https:\/\/i0.wp.com\/guderley.com\/wp-content\/uploads\/2012\/07\/wpid-Photo-22.07.2012-1644.jpg\" target=\"_blank\" style=\"margin-left: 1em; margin-right: 1em;\"><img data-recalc-dims=\"1\" decoding=\"async\" src=\"https:\/\/i0.wp.com\/guderley.com\/wp-content\/uploads\/2012\/07\/wpid-Photo-22.07.2012-1644.jpg?resize=500%2C375\" id=\"blogsy-1342987763897.1077\" class=\"aligncenter\" alt=\"\" width=\"500\" height=\"375\"><\/a><\/div>\n<p>Als ich Kunda erreicht hatte, die angeblich h\u00e4sslichste Stadt Estlands, mit einem riesigen Zementwerk und alles etwas grau, war ich wieder auf dem Weg mit der Nummer 1.<\/p>\n<p>Ich hatte das Vergn\u00fcgen f\u00fcr rund 6 km die stark frequentierte Hauptroute Tallinn &#8211; St. Petersburg befahren zu m\u00fcssen, sp\u00e4ter f\u00fchrte die Route \u00fcber Schotter auf eine Naturpiste. Mit rund 35 kg Gep\u00e4ck wackelst du da schon mal und prompt rutschte mir das Hinterrad weg, gottseidank blieb ich auf den Beinen und die Packtaschen d\u00e4mpfen schon mal den Ausrutscher. <\/p>\n<p>Irgendwie stellte sich nach weiteren 25 km Piste ein wenig Unlust ein und als ich direkt auf das herrlich gelegene Saka Cliff Hotel zurollte, entschied ich mich am Sonntag schon um 16 Uhr Feierabend zu machen.<\/p>\n<div class=\"separator\" style=\"clear: both; text-align: right;\"><a href=\"https:\/\/i0.wp.com\/guderley.com\/wp-content\/uploads\/2012\/07\/wpid-Photo-22.07.2012-1642.jpg\" target=\"_blank\" style=\"margin-bottom: 1em; margin-left: 1em;\"><img data-recalc-dims=\"1\" decoding=\"async\" src=\"https:\/\/i0.wp.com\/guderley.com\/wp-content\/uploads\/2012\/07\/wpid-Photo-22.07.2012-1642.jpg?resize=500%2C375\" id=\"blogsy-1342987763905.913\" class=\"aligncenter\" alt=\"\" width=\"500\" height=\"375\"><\/a><\/div>\n<p>Nach einem ausgiebigen Strandspaziergang traf ich einen &#8222;Artgenossen&#8220; aus Schweden, der bereits seit vier Wochen durch Estland radelt. Er w\u00e4hlte die Variante Campingplatz in unmittelbarer N\u00e4he des Hotels.<\/p>\n<div class=\"separator\" style=\"clear: both; text-align: right;\"><a href=\"https:\/\/i0.wp.com\/guderley.com\/wp-content\/uploads\/2012\/07\/wpid-Photo-22.07.2012-1823.jpg\" target=\"_blank\" style=\"margin-bottom: 1em; margin-left: 1em;\"><img data-recalc-dims=\"1\" decoding=\"async\" src=\"https:\/\/i0.wp.com\/guderley.com\/wp-content\/uploads\/2012\/07\/wpid-Photo-22.07.2012-1823.jpg?resize=500%2C375\" id=\"blogsy-1342987763907.391\" class=\"aligncenter\" alt=\"\" width=\"500\" height=\"375\"><\/a><\/div>\n<p>Morgen geht es an den \u00f6stlichsten Punkt meiner Reise nach Narva, welches heute quasi das Ende Europas an der Grenze der russischen F\u00f6deration darstellt.<\/p>\n<p> Kleiner Nachschlag noch zum Sonnenuntergang am Sonntagabend hier ganz im Nordosten Euopas.<\/p>\n<div class=\"separator\" style=\"clear: both; text-align: center;\"><a href=\"https:\/\/i0.wp.com\/guderley.com\/wp-content\/uploads\/2012\/07\/wpid-Photo-22.07.2012-2208.jpg\" target=\"_blank\" style=\"margin-left: 1em; margin-right: 1em;\"><img data-recalc-dims=\"1\" decoding=\"async\" src=\"https:\/\/i0.wp.com\/guderley.com\/wp-content\/uploads\/2012\/07\/wpid-Photo-22.07.2012-2208.jpg?resize=500%2C375\" id=\"blogsy-1342987763918.7483\" class=\"aligncenter\" alt=\"\" width=\"500\" height=\"375\"><\/a><\/div>\n<p>&nbsp;<\/p>\n<div style=\"text-align: right; font-size: small;\" id=\"blogsy_footer\"><a href=\"http:\/\/blogsyapp.com\" target=\"_blank\"><img data-recalc-dims=\"1\" decoding=\"async\" src=\"https:\/\/i0.wp.com\/blogsyapp.com\/images\/blogsy_footer_icon.png?resize=20%2C20\" alt=\"Mit Blogsy ver\u00f6ffentlicht\" style=\"vertical-align: middle; margin-right: 5px;\" width=\"20\" height=\"20\" \/>Mit Blogsy ver\u00f6ffentlicht<\/a><\/div>\n","protected":false},"excerpt":{"rendered":"<p>Ein strahlend blauer Tag begr\u00fc\u00dft mich heute morgen als ich Rakvere verlasse. Ich orientiere mich im Moment ja im wesentlichen an die estnischen Fahrradrouten, im Moment konkret der Nummer 1 bis Narva. Nachdem ich die Route gestern Nachmittag verlassen hatte musste ich heute morgen erstmal rund 30 km quasi zur\u00fcck auf den 1er, das ging [&hellip;]<\/p>\n","protected":false},"author":2,"featured_media":0,"comment_status":"open","ping_status":"open","sticky":false,"template":"","format":"standard","meta":{"_jetpack_newsletter_access":"","_jetpack_dont_email_post_to_subs":false,"_jetpack_newsletter_tier_id":0,"_jetpack_memberships_contains_paywalled_content":false,"_jetpack_memberships_contains_paid_content":false,"footnotes":""},"categories":[22],"tags":[],"class_list":["post-1286","post","type-post","status-publish","format-standard","hentry","category-baltikum-2012"],"yoast_head":"<!-- This site is optimized with the Yoast SEO plugin v25.8 - https:\/\/yoast.com\/wordpress\/plugins\/seo\/ -->\n<title>22.7. Saka \/ Estland - 6. Tag - 380 km - G\u00fcnter&#039;s Blog<\/title>\n<meta name=\"robots\" content=\"index, follow, max-snippet:-1, max-image-preview:large, max-video-preview:-1\" \/>\n<link rel=\"canonical\" href=\"http:\/\/guderley.com\/?p=1286\" \/>\n<meta property=\"og:locale\" content=\"de_DE\" \/>\n<meta property=\"og:type\" content=\"article\" \/>\n<meta property=\"og:title\" content=\"22.7. Saka \/ Estland - 6. Tag - 380 km - G\u00fcnter&#039;s Blog\" \/>\n<meta property=\"og:description\" content=\"Ein strahlend blauer Tag begr\u00fc\u00dft mich heute morgen als ich Rakvere verlasse. Ich orientiere mich im Moment ja im wesentlichen an die estnischen Fahrradrouten, im Moment konkret der Nummer 1 bis Narva. Nachdem ich die Route gestern Nachmittag verlassen hatte musste ich heute morgen erstmal rund 30 km quasi zur\u00fcck auf den 1er, das ging [&hellip;]\" \/>\n<meta property=\"og:url\" content=\"http:\/\/guderley.com\/?p=1286\" \/>\n<meta property=\"og:site_name\" content=\"G\u00fcnter&#039;s Blog\" \/>\n<meta property=\"article:published_time\" content=\"2012-07-22T16:38:57+00:00\" \/>\n<meta property=\"article:modified_time\" content=\"2012-07-22T20:09:19+00:00\" \/>\n<meta property=\"og:image\" content=\"http:\/\/guderley.com\/wp-content\/uploads\/2012\/07\/wpid-Photo-22.07.2012-1142.jpg\" \/>\n<meta name=\"author\" content=\"guenter\" \/>\n<meta name=\"twitter:card\" content=\"summary_large_image\" \/>\n<meta name=\"twitter:label1\" content=\"Verfasst von\" \/>\n\t<meta name=\"twitter:data1\" content=\"guenter\" \/>\n\t<meta name=\"twitter:label2\" content=\"Gesch\u00e4tzte Lesezeit\" \/>\n\t<meta name=\"twitter:data2\" content=\"2\u00a0Minuten\" \/>\n<script type=\"application\/ld+json\" class=\"yoast-schema-graph\">{\"@context\":\"https:\/\/schema.org\",\"@graph\":[{\"@type\":\"Article\",\"@id\":\"http:\/\/guderley.com\/?p=1286#article\",\"isPartOf\":{\"@id\":\"http:\/\/guderley.com\/?p=1286\"},\"author\":{\"name\":\"guenter\",\"@id\":\"https:\/\/guderley.com\/#\/schema\/person\/24a827645a6fedd3481426a7028dfdcd\"},\"headline\":\"22.7. Saka \/ Estland &#8211; 6. Tag &#8211; 380 km\",\"datePublished\":\"2012-07-22T16:38:57+00:00\",\"dateModified\":\"2012-07-22T20:09:19+00:00\",\"mainEntityOfPage\":{\"@id\":\"http:\/\/guderley.com\/?p=1286\"},\"wordCount\":321,\"commentCount\":1,\"publisher\":{\"@id\":\"https:\/\/guderley.com\/#\/schema\/person\/24a827645a6fedd3481426a7028dfdcd\"},\"image\":{\"@id\":\"http:\/\/guderley.com\/?p=1286#primaryimage\"},\"thumbnailUrl\":\"http:\/\/guderley.com\/wp-content\/uploads\/2012\/07\/wpid-Photo-22.07.2012-1142.jpg\",\"articleSection\":[\"2012 BALTIKUM\"],\"inLanguage\":\"de\",\"potentialAction\":[{\"@type\":\"CommentAction\",\"name\":\"Comment\",\"target\":[\"http:\/\/guderley.com\/?p=1286#respond\"]}]},{\"@type\":\"WebPage\",\"@id\":\"http:\/\/guderley.com\/?p=1286\",\"url\":\"http:\/\/guderley.com\/?p=1286\",\"name\":\"22.7. Saka \/ Estland - 6. Tag - 380 km - G\u00fcnter&#039;s Blog\",\"isPartOf\":{\"@id\":\"https:\/\/guderley.com\/#website\"},\"primaryImageOfPage\":{\"@id\":\"http:\/\/guderley.com\/?p=1286#primaryimage\"},\"image\":{\"@id\":\"http:\/\/guderley.com\/?p=1286#primaryimage\"},\"thumbnailUrl\":\"http:\/\/guderley.com\/wp-content\/uploads\/2012\/07\/wpid-Photo-22.07.2012-1142.jpg\",\"datePublished\":\"2012-07-22T16:38:57+00:00\",\"dateModified\":\"2012-07-22T20:09:19+00:00\",\"breadcrumb\":{\"@id\":\"http:\/\/guderley.com\/?p=1286#breadcrumb\"},\"inLanguage\":\"de\",\"potentialAction\":[{\"@type\":\"ReadAction\",\"target\":[\"http:\/\/guderley.com\/?p=1286\"]}]},{\"@type\":\"ImageObject\",\"inLanguage\":\"de\",\"@id\":\"http:\/\/guderley.com\/?p=1286#primaryimage\",\"url\":\"https:\/\/i0.wp.com\/guderley.com\/wp-content\/uploads\/2012\/07\/wpid-Photo-22.07.2012-1142.jpg?fit=1024%2C768\",\"contentUrl\":\"https:\/\/i0.wp.com\/guderley.com\/wp-content\/uploads\/2012\/07\/wpid-Photo-22.07.2012-1142.jpg?fit=1024%2C768\",\"width\":\"1024\",\"height\":\"768\"},{\"@type\":\"BreadcrumbList\",\"@id\":\"http:\/\/guderley.com\/?p=1286#breadcrumb\",\"itemListElement\":[{\"@type\":\"ListItem\",\"position\":1,\"name\":\"Startseite\",\"item\":\"https:\/\/guderley.com\/\"},{\"@type\":\"ListItem\",\"position\":2,\"name\":\"22.7. Saka \/ Estland &#8211; 6. Tag &#8211; 380 km\"}]},{\"@type\":\"WebSite\",\"@id\":\"https:\/\/guderley.com\/#website\",\"url\":\"https:\/\/guderley.com\/\",\"name\":\"G\u00fcnter's Blog\",\"description\":\"Fahrrad Touren rund um die Welt\",\"publisher\":{\"@id\":\"https:\/\/guderley.com\/#\/schema\/person\/24a827645a6fedd3481426a7028dfdcd\"},\"alternateName\":\"G\u00fcnter's Blog\",\"potentialAction\":[{\"@type\":\"SearchAction\",\"target\":{\"@type\":\"EntryPoint\",\"urlTemplate\":\"https:\/\/guderley.com\/?s={search_term_string}\"},\"query-input\":{\"@type\":\"PropertyValueSpecification\",\"valueRequired\":true,\"valueName\":\"search_term_string\"}}],\"inLanguage\":\"de\"},{\"@type\":[\"Person\",\"Organization\"],\"@id\":\"https:\/\/guderley.com\/#\/schema\/person\/24a827645a6fedd3481426a7028dfdcd\",\"name\":\"guenter\",\"image\":{\"@type\":\"ImageObject\",\"inLanguage\":\"de\",\"@id\":\"https:\/\/guderley.com\/#\/schema\/person\/image\/\",\"url\":\"https:\/\/i0.wp.com\/guderley.com\/wp-content\/uploads\/img_8008-scaled.jpg?fit=1920%2C2560\",\"contentUrl\":\"https:\/\/i0.wp.com\/guderley.com\/wp-content\/uploads\/img_8008-scaled.jpg?fit=1920%2C2560\",\"width\":1920,\"height\":2560,\"caption\":\"guenter\"},\"logo\":{\"@id\":\"https:\/\/guderley.com\/#\/schema\/person\/image\/\"},\"sameAs\":[\"http:\/\/guderley.com\/blog\"],\"url\":\"http:\/\/guderley.com\/?author=2\"}]}<\/script>\n<!-- \/ Yoast SEO plugin. -->","yoast_head_json":{"title":"22.7. Saka \/ Estland - 6. Tag - 380 km - G\u00fcnter&#039;s Blog","robots":{"index":"index","follow":"follow","max-snippet":"max-snippet:-1","max-image-preview":"max-image-preview:large","max-video-preview":"max-video-preview:-1"},"canonical":"http:\/\/guderley.com\/?p=1286","og_locale":"de_DE","og_type":"article","og_title":"22.7. Saka \/ Estland - 6. Tag - 380 km - G\u00fcnter&#039;s Blog","og_description":"Ein strahlend blauer Tag begr\u00fc\u00dft mich heute morgen als ich Rakvere verlasse. Ich orientiere mich im Moment ja im wesentlichen an die estnischen Fahrradrouten, im Moment konkret der Nummer 1 bis Narva. Nachdem ich die Route gestern Nachmittag verlassen hatte musste ich heute morgen erstmal rund 30 km quasi zur\u00fcck auf den 1er, das ging [&hellip;]","og_url":"http:\/\/guderley.com\/?p=1286","og_site_name":"G\u00fcnter&#039;s Blog","article_published_time":"2012-07-22T16:38:57+00:00","article_modified_time":"2012-07-22T20:09:19+00:00","og_image":[{"url":"http:\/\/guderley.com\/wp-content\/uploads\/2012\/07\/wpid-Photo-22.07.2012-1142.jpg","type":"","width":"","height":""}],"author":"guenter","twitter_card":"summary_large_image","twitter_misc":{"Verfasst von":"guenter","Gesch\u00e4tzte Lesezeit":"2\u00a0Minuten"},"schema":{"@context":"https:\/\/schema.org","@graph":[{"@type":"Article","@id":"http:\/\/guderley.com\/?p=1286#article","isPartOf":{"@id":"http:\/\/guderley.com\/?p=1286"},"author":{"name":"guenter","@id":"https:\/\/guderley.com\/#\/schema\/person\/24a827645a6fedd3481426a7028dfdcd"},"headline":"22.7. Saka \/ Estland &#8211; 6. Tag &#8211; 380 km","datePublished":"2012-07-22T16:38:57+00:00","dateModified":"2012-07-22T20:09:19+00:00","mainEntityOfPage":{"@id":"http:\/\/guderley.com\/?p=1286"},"wordCount":321,"commentCount":1,"publisher":{"@id":"https:\/\/guderley.com\/#\/schema\/person\/24a827645a6fedd3481426a7028dfdcd"},"image":{"@id":"http:\/\/guderley.com\/?p=1286#primaryimage"},"thumbnailUrl":"http:\/\/guderley.com\/wp-content\/uploads\/2012\/07\/wpid-Photo-22.07.2012-1142.jpg","articleSection":["2012 BALTIKUM"],"inLanguage":"de","potentialAction":[{"@type":"CommentAction","name":"Comment","target":["http:\/\/guderley.com\/?p=1286#respond"]}]},{"@type":"WebPage","@id":"http:\/\/guderley.com\/?p=1286","url":"http:\/\/guderley.com\/?p=1286","name":"22.7. Saka \/ Estland - 6. Tag - 380 km - G\u00fcnter&#039;s Blog","isPartOf":{"@id":"https:\/\/guderley.com\/#website"},"primaryImageOfPage":{"@id":"http:\/\/guderley.com\/?p=1286#primaryimage"},"image":{"@id":"http:\/\/guderley.com\/?p=1286#primaryimage"},"thumbnailUrl":"http:\/\/guderley.com\/wp-content\/uploads\/2012\/07\/wpid-Photo-22.07.2012-1142.jpg","datePublished":"2012-07-22T16:38:57+00:00","dateModified":"2012-07-22T20:09:19+00:00","breadcrumb":{"@id":"http:\/\/guderley.com\/?p=1286#breadcrumb"},"inLanguage":"de","potentialAction":[{"@type":"ReadAction","target":["http:\/\/guderley.com\/?p=1286"]}]},{"@type":"ImageObject","inLanguage":"de","@id":"http:\/\/guderley.com\/?p=1286#primaryimage","url":"https:\/\/i0.wp.com\/guderley.com\/wp-content\/uploads\/2012\/07\/wpid-Photo-22.07.2012-1142.jpg?fit=1024%2C768","contentUrl":"https:\/\/i0.wp.com\/guderley.com\/wp-content\/uploads\/2012\/07\/wpid-Photo-22.07.2012-1142.jpg?fit=1024%2C768","width":"1024","height":"768"},{"@type":"BreadcrumbList","@id":"http:\/\/guderley.com\/?p=1286#breadcrumb","itemListElement":[{"@type":"ListItem","position":1,"name":"Startseite","item":"https:\/\/guderley.com\/"},{"@type":"ListItem","position":2,"name":"22.7. Saka \/ Estland &#8211; 6. Tag &#8211; 380 km"}]},{"@type":"WebSite","@id":"https:\/\/guderley.com\/#website","url":"https:\/\/guderley.com\/","name":"G\u00fcnter's Blog","description":"Fahrrad Touren rund um die Welt","publisher":{"@id":"https:\/\/guderley.com\/#\/schema\/person\/24a827645a6fedd3481426a7028dfdcd"},"alternateName":"G\u00fcnter's Blog","potentialAction":[{"@type":"SearchAction","target":{"@type":"EntryPoint","urlTemplate":"https:\/\/guderley.com\/?s={search_term_string}"},"query-input":{"@type":"PropertyValueSpecification","valueRequired":true,"valueName":"search_term_string"}}],"inLanguage":"de"},{"@type":["Person","Organization"],"@id":"https:\/\/guderley.com\/#\/schema\/person\/24a827645a6fedd3481426a7028dfdcd","name":"guenter","image":{"@type":"ImageObject","inLanguage":"de","@id":"https:\/\/guderley.com\/#\/schema\/person\/image\/","url":"https:\/\/i0.wp.com\/guderley.com\/wp-content\/uploads\/img_8008-scaled.jpg?fit=1920%2C2560","contentUrl":"https:\/\/i0.wp.com\/guderley.com\/wp-content\/uploads\/img_8008-scaled.jpg?fit=1920%2C2560","width":1920,"height":2560,"caption":"guenter"},"logo":{"@id":"https:\/\/guderley.com\/#\/schema\/person\/image\/"},"sameAs":["http:\/\/guderley.com\/blog"],"url":"http:\/\/guderley.com\/?author=2"}]}},"jetpack_featured_media_url":"","jetpack_sharing_enabled":true,"jetpack_shortlink":"https:\/\/wp.me\/p9IuXF-kK","jetpack_likes_enabled":true,"jetpack-related-posts":[{"id":3603,"url":"http:\/\/guderley.com\/?p=3603","url_meta":{"origin":1286,"position":0},"title":"Tag 46 &#8211; Sa 30.06.2018 &#8211; Cape Lookout \/ 70 km \/ Gesamt: 3316 km","author":"guenter","date":"Juli 1, 2018","format":false,"excerpt":"Grandioses Fu\u00dfballspiel heute morgen um 7:00 Uhr geguckt - Frankreich - Argentinien 4:3. Anschlie\u00dfend kleines Fr\u00fchst\u00fcck am Strand - on the road gab es noch ein St\u00fcck Pizza und kurz vor dem Campground ein paar Austern. Im Prinzip bin ich heute nur um die riesige Tillamook Bay herumgefahren. Die Gegend\u2026","rel":"","context":"In &quot;2018 ALASKA&quot;","block_context":{"text":"2018 ALASKA","link":"http:\/\/guderley.com\/?cat=28"},"img":{"alt_text":"","src":"https:\/\/i0.wp.com\/guderley.com\/wp-content\/uploads\/WhatsApp-Image-2018-07-01-at-04.26.07.jpeg?resize=350%2C200","width":350,"height":200,"srcset":"https:\/\/i0.wp.com\/guderley.com\/wp-content\/uploads\/WhatsApp-Image-2018-07-01-at-04.26.07.jpeg?resize=350%2C200 1x, https:\/\/i0.wp.com\/guderley.com\/wp-content\/uploads\/WhatsApp-Image-2018-07-01-at-04.26.07.jpeg?resize=525%2C300 1.5x, https:\/\/i0.wp.com\/guderley.com\/wp-content\/uploads\/WhatsApp-Image-2018-07-01-at-04.26.07.jpeg?resize=700%2C400 2x"},"classes":[]},{"id":2840,"url":"http:\/\/guderley.com\/?p=2840","url_meta":{"origin":1286,"position":1},"title":"Tag 25 &#8211; So 21.6.2015 &#8211; 81 km Pr\u00e9h\u00e9rel-Plage \/ Gesamt:  2640 km","author":"guenter","date":"Juni 21, 2015","format":false,"excerpt":"Als ich mein Hotel verlasse sieht es sehr nach Regen aus. Ich ziehe zum dritten Mal auf dieser Tour meine lange \u00dcberhose an. Aus Cancale hinaus geht es gleich gute 150 hm hinauf und da war ich schnell warm. Hatte ich mir gestern in einer netten Bar noch zwei Get\u2026","rel":"","context":"In &quot;2015 BENELUX - FRANKREICH&quot;","block_context":{"text":"2015 BENELUX - FRANKREICH","link":"http:\/\/guderley.com\/?cat=27"},"img":{"alt_text":"","src":"https:\/\/i0.wp.com\/guderley.com\/wp-content\/uploads\/2015\/06\/wpid-Photo-21.06.2015-1450.jpg?resize=350%2C200","width":350,"height":200,"srcset":"https:\/\/i0.wp.com\/guderley.com\/wp-content\/uploads\/2015\/06\/wpid-Photo-21.06.2015-1450.jpg?resize=350%2C200 1x, https:\/\/i0.wp.com\/guderley.com\/wp-content\/uploads\/2015\/06\/wpid-Photo-21.06.2015-1450.jpg?resize=525%2C300 1.5x, https:\/\/i0.wp.com\/guderley.com\/wp-content\/uploads\/2015\/06\/wpid-Photo-21.06.2015-1450.jpg?resize=700%2C400 2x"},"classes":[]},{"id":2429,"url":"http:\/\/guderley.com\/?p=2429","url_meta":{"origin":1286,"position":2},"title":"22. Nov. 2014 &#8211; Sa &#8211; 9. Tag","author":"guenter","date":"November 22, 2014","format":false,"excerpt":"Etappe 88 Coyhaique - Puerto Iba\u00f1ez139 km - 2100 hm \/ Gesamt-Km: Der Ruhetag in Coyhaique hat wahrscheinlich allen sehr gut getan, mir auf jeden Fall. Hatte ich doch heute Morgen echt Lust auf Radfahren. Nachdem ich den Gep\u00e4cktransport vom Hostal zum Campingplatz organisiert hatte sind Alfred, Juerg und ich\u2026","rel":"","context":"In &quot;2014 PATAGONIEN&quot;","block_context":{"text":"2014 PATAGONIEN","link":"http:\/\/guderley.com\/?cat=26"},"img":{"alt_text":"","src":"https:\/\/i0.wp.com\/guderley.com\/wp-content\/uploads\/2014\/12\/wpid-Photo-22.11.2014-16231.jpg?resize=350%2C200","width":350,"height":200,"srcset":"https:\/\/i0.wp.com\/guderley.com\/wp-content\/uploads\/2014\/12\/wpid-Photo-22.11.2014-16231.jpg?resize=350%2C200 1x, https:\/\/i0.wp.com\/guderley.com\/wp-content\/uploads\/2014\/12\/wpid-Photo-22.11.2014-16231.jpg?resize=525%2C300 1.5x, https:\/\/i0.wp.com\/guderley.com\/wp-content\/uploads\/2014\/12\/wpid-Photo-22.11.2014-16231.jpg?resize=700%2C400 2x"},"classes":[]},{"id":1582,"url":"http:\/\/guderley.com\/?p=1582","url_meta":{"origin":1286,"position":3},"title":"21.8.  Samociazek \/ Polen &#8211; Tag 36 &#8211; km 3155","author":"guenter","date":"August 22, 2012","format":false,"excerpt":"Welch weise Entscheidung diese Nacht im Hotel zu verbringen. Es hat die ganze Nacht ziemlich gewittert und gest\u00fcrmt. Heute Morgen ist der Spuk vorbei und ich mache mich frohen Mutes ein weiteres St\u00fcck auf den Heimweg.Allerdings war es nicht unbedingt mein Tag. Ich kam nicht wirklich ins Rollen, der Wind\u2026","rel":"","context":"In &quot;2012 BALTIKUM&quot;","block_context":{"text":"2012 BALTIKUM","link":"http:\/\/guderley.com\/?cat=22"},"img":{"alt_text":"","src":"https:\/\/i0.wp.com\/guderley.com\/wp-content\/uploads\/2012\/08\/wpid-Photo-21.08.2012-1348.jpg?resize=350%2C200","width":350,"height":200,"srcset":"https:\/\/i0.wp.com\/guderley.com\/wp-content\/uploads\/2012\/08\/wpid-Photo-21.08.2012-1348.jpg?resize=350%2C200 1x, https:\/\/i0.wp.com\/guderley.com\/wp-content\/uploads\/2012\/08\/wpid-Photo-21.08.2012-1348.jpg?resize=525%2C300 1.5x, https:\/\/i0.wp.com\/guderley.com\/wp-content\/uploads\/2012\/08\/wpid-Photo-21.08.2012-1348.jpg?resize=700%2C400 2x"},"classes":[]},{"id":2287,"url":"http:\/\/guderley.com\/?p=2287","url_meta":{"origin":1286,"position":4},"title":"16. Nov. 2014 &#8211; So &#8211; 3. Tag","author":"guenter","date":"November 17, 2014","format":false,"excerpt":"Etappe 84 - Camping Abuelo Daniel - Futaleuf\u00fa \/ Chile 143 km - 1250 hm \/ Gesamt: 361 km \/ 2630 hm Das war ein richtig hartes Ding heute, von den 143 km waren knapp 100 km Naturpiste - teilweise richtig \u00fcbel (was allgemein als Waschbrett bezeichnet wird) da wirst\u2026","rel":"","context":"In &quot;2014 PATAGONIEN&quot;","block_context":{"text":"2014 PATAGONIEN","link":"http:\/\/guderley.com\/?cat=26"},"img":{"alt_text":"Mit Blogsy ver\u00f6ffentlicht","src":"https:\/\/i0.wp.com\/blogsyapp.com\/images\/blogsy_footer_icon.png?resize=350%2C200","width":350,"height":200},"classes":[]},{"id":1828,"url":"http:\/\/guderley.com\/?p=1828","url_meta":{"origin":1286,"position":5},"title":"J\u00e4ttendal  &#8211;  Tag 17  &#8211;  Mittwoch, 29. Mai","author":"guenter","date":"Mai 29, 2013","format":false,"excerpt":"119 km \/ 896 hm \/ 7:36 h - Gesamt 1843 km \/ 9905 hm \/ 111:32 Ein vollkommen trockenes Zelt einzupacken zeugt von sehr guten Wetterbedingungen. Tats\u00e4chlich strahlt die Sonne vom Himmel, bei herrlich frischer Luft. Und das Beste ist, im Moment sieht es nach dauerhaft sch\u00f6nem Wetter aus.\u2026","rel":"","context":"In &quot;2013 NORDKAPP&quot;","block_context":{"text":"2013 NORDKAPP","link":"http:\/\/guderley.com\/?cat=23"},"img":{"alt_text":"","src":"https:\/\/i0.wp.com\/guderley.com\/wp-content\/uploads\/2013\/05\/wpid-Photo-29.05.2013-20231.jpg?resize=350%2C200","width":350,"height":200,"srcset":"https:\/\/i0.wp.com\/guderley.com\/wp-content\/uploads\/2013\/05\/wpid-Photo-29.05.2013-20231.jpg?resize=350%2C200 1x, https:\/\/i0.wp.com\/guderley.com\/wp-content\/uploads\/2013\/05\/wpid-Photo-29.05.2013-20231.jpg?resize=525%2C300 1.5x, https:\/\/i0.wp.com\/guderley.com\/wp-content\/uploads\/2013\/05\/wpid-Photo-29.05.2013-20231.jpg?resize=700%2C400 2x"},"classes":[]}],"_links":{"self":[{"href":"http:\/\/guderley.com\/index.php?rest_route=\/wp\/v2\/posts\/1286","targetHints":{"allow":["GET"]}}],"collection":[{"href":"http:\/\/guderley.com\/index.php?rest_route=\/wp\/v2\/posts"}],"about":[{"href":"http:\/\/guderley.com\/index.php?rest_route=\/wp\/v2\/types\/post"}],"author":[{"embeddable":true,"href":"http:\/\/guderley.com\/index.php?rest_route=\/wp\/v2\/users\/2"}],"replies":[{"embeddable":true,"href":"http:\/\/guderley.com\/index.php?rest_route=%2Fwp%2Fv2%2Fcomments&post=1286"}],"version-history":[{"count":2,"href":"http:\/\/guderley.com\/index.php?rest_route=\/wp\/v2\/posts\/1286\/revisions"}],"predecessor-version":[{"id":1293,"href":"http:\/\/guderley.com\/index.php?rest_route=\/wp\/v2\/posts\/1286\/revisions\/1293"}],"wp:attachment":[{"href":"http:\/\/guderley.com\/index.php?rest_route=%2Fwp%2Fv2%2Fmedia&parent=1286"}],"wp:term":[{"taxonomy":"category","embeddable":true,"href":"http:\/\/guderley.com\/index.php?rest_route=%2Fwp%2Fv2%2Fcategories&post=1286"},{"taxonomy":"post_tag","embeddable":true,"href":"http:\/\/guderley.com\/index.php?rest_route=%2Fwp%2Fv2%2Ftags&post=1286"}],"curies":[{"name":"wp","href":"https:\/\/api.w.org\/{rel}","templated":true}]}}