{"id":1285,"date":"2012-07-21T21:33:54","date_gmt":"2012-07-21T20:33:54","guid":{"rendered":"http:\/\/guderley.com\/?p=1285"},"modified":"2012-07-21T21:33:54","modified_gmt":"2012-07-21T20:33:54","slug":"21-07-rakvere-estland-5-tag-296-km","status":"publish","type":"post","link":"http:\/\/guderley.com\/?p=1285","title":{"rendered":"21.07.  Rakvere \/ Estland &#8211; 5. Tag &#8211; 296 km"},"content":{"rendered":"<p> Die Nacht m Zelt war okay, allerdings bereits um 4:30 Uhr zu Ende, da wurde es hell. Um 5:00 Uhr begann ich einzupacken, das nasse \u00dcberdach und den nassen Zeltboden nat\u00fcrlich auch. Zwei Kekse und einige Schl\u00fccke Wasser, mehr war nicht drin. Abfahrt gegen 5:45 Uhr, Ziel war jetzt Loksa der gr\u00f6\u00dfte Ort des Nationalparks und ca. 16 km entfernt mit der Hoffnung auf ein Fr\u00fchst\u00fcck. Um 6 Uhr war weder ein Mensch auf der Stra\u00dfe noch irgendwo ein Laden ge\u00f6ffnet. Also weiterfahren In der fast unber\u00fchrten Natur auf dieser Halbinsel. Zwischendurch g\u00f6nnte ich mir zwei H\u00e4nde voll frisch gezupfter Blaubeeren.<\/p>\n<p>Gerade als es zu nerven begann, quasi n\u00fcchtern 30 km zu radeln, kam ich nach Viinistu. Gegen\u00fcber vom Kunstmuseum gibt es ein relativ neues Hotel, welches noch verschlossen war. Eine freundliche junge Dame \u00f6ffnete mir und auf meine Frage nach einem Kaffee erkl\u00e4rte sie mir, dass ich gerne am Fr\u00fchst\u00fccksb\u00fcffet der Hotelg\u00e4ste teilnehmen k\u00f6nnte. Das Tat ich auch entsprechend und verzehrte die geforderten 6,50 \u20ac sicher mehrfach.<\/p>\n<p> Blieb noch das Problem des nassen Zeltes im Gep\u00e4ck, welches ich aber an einem malerischen Platz direkt an einer Bucht, kurze Zeit sp\u00e4ter in aller Ruhe trocknen konnte.<\/p>\n<div class=\"separator\" style=\"clear: both; text-align: center;\"><a href=\"https:\/\/i0.wp.com\/guderley.com\/wp-content\/uploads\/2012\/07\/wpid-Photo-21.07.2012-0954.jpg\" target=\"_blank\" style=\"margin-left: 1em; margin-right: 1em;\"><img data-recalc-dims=\"1\" decoding=\"async\" src=\"https:\/\/i0.wp.com\/guderley.com\/wp-content\/uploads\/2012\/07\/wpid-Photo-21.07.2012-0954.jpg?resize=500%2C375\" id=\"blogsy-1342902692531.913\" class=\"aligncenter\" alt=\"\" width=\"500\" height=\"375\"><\/a><\/div>\n<p>Auf dem Weg nach Palmse, einem der herrlich restaurierten Gutsh\u00f6fe hier oben, kam es dann zu einem Wettkampf mit einem m\u00e4chtigen Gewitter, welchen ich um Haaresbreite gewann.<\/p>\n<div class=\"separator\" style=\"clear: both; text-align: center;\"><a href=\"https:\/\/i0.wp.com\/guderley.com\/wp-content\/uploads\/2012\/07\/wpid-Photo-21.07.2012-1207.jpg\" target=\"_blank\" style=\"margin-left: 1em; margin-right: 1em;\"><img data-recalc-dims=\"1\" decoding=\"async\" src=\"https:\/\/i0.wp.com\/guderley.com\/wp-content\/uploads\/2012\/07\/wpid-Photo-21.07.2012-1207.jpg?resize=500%2C375\" id=\"blogsy-1342902692588.409\" class=\"aligncenter\" alt=\"\" width=\"500\" height=\"375\"><\/a><\/div>\n<p>Nach ausgiebiger Regenpause in der Gutssch\u00e4nke lag dann noch ein l\u00e4nger Radnachmittag bis Rakvere vor mir. Gegen 19 Uhr erreichte ich dieses St\u00e4dtchen mit rund 16 Tsd. Einwohnern unterhalb der malerischen Wesensburg.  Ich quartierte mich in einem kleinen ordentlichen Hotel ein um ganz nebenbei meine rund 50 Schnakenstiche, vom Zeltaufbau gestern in kurzer Hose, zu versorgen.<\/p>\n<div class=\"separator\" style=\"clear: both; text-align: center;\"><a href=\"https:\/\/i0.wp.com\/guderley.com\/wp-content\/uploads\/2012\/07\/wpid-Photo-21.07.2012-2021.jpg\" target=\"_blank\" style=\"margin-left: 1em; margin-right: 1em;\"><img data-recalc-dims=\"1\" decoding=\"async\" src=\"https:\/\/i0.wp.com\/guderley.com\/wp-content\/uploads\/2012\/07\/wpid-Photo-21.07.2012-2021.jpg?resize=500%2C375\" id=\"blogsy-1342902692563.8252\" class=\"aligncenter\" alt=\"\" width=\"500\" height=\"375\"><\/a><\/div>\n<p>Morgen geht es weiter in den \u00e4u\u00dfersten Osten Estlands.<\/p>\n<p>&nbsp;<\/p>\n<div style=\"text-align: right; font-size: small;\" id=\"blogsy_footer\"><a href=\"http:\/\/blogsyapp.com\" target=\"_blank\"><img data-recalc-dims=\"1\" decoding=\"async\" src=\"https:\/\/i0.wp.com\/blogsyapp.com\/images\/blogsy_footer_icon.png?resize=20%2C20\" alt=\"Mit Blogsy ver\u00f6ffentlicht\" style=\"vertical-align: middle; margin-right: 5px;\" width=\"20\" height=\"20\" \/>Mit Blogsy ver\u00f6ffentlicht<\/a><\/div>\n","protected":false},"excerpt":{"rendered":"<p>Die Nacht m Zelt war okay, allerdings bereits um 4:30 Uhr zu Ende, da wurde es hell. Um 5:00 Uhr begann ich einzupacken, das nasse \u00dcberdach und den nassen Zeltboden nat\u00fcrlich auch. Zwei Kekse und einige Schl\u00fccke Wasser, mehr war nicht drin. Abfahrt gegen 5:45 Uhr, Ziel war jetzt Loksa der gr\u00f6\u00dfte Ort des Nationalparks [&hellip;]<\/p>\n","protected":false},"author":2,"featured_media":0,"comment_status":"open","ping_status":"open","sticky":false,"template":"","format":"standard","meta":{"_jetpack_newsletter_access":"","_jetpack_dont_email_post_to_subs":false,"_jetpack_newsletter_tier_id":0,"_jetpack_memberships_contains_paywalled_content":false,"_jetpack_memberships_contains_paid_content":false,"footnotes":""},"categories":[22],"tags":[],"class_list":["post-1285","post","type-post","status-publish","format-standard","hentry","category-baltikum-2012"],"yoast_head":"<!-- This site is optimized with the Yoast SEO plugin v25.8 - https:\/\/yoast.com\/wordpress\/plugins\/seo\/ -->\n<title>21.07. Rakvere \/ Estland - 5. Tag - 296 km - G\u00fcnter&#039;s Blog<\/title>\n<meta name=\"robots\" content=\"index, follow, max-snippet:-1, max-image-preview:large, max-video-preview:-1\" \/>\n<link rel=\"canonical\" href=\"http:\/\/guderley.com\/?p=1285\" \/>\n<meta property=\"og:locale\" content=\"de_DE\" \/>\n<meta property=\"og:type\" content=\"article\" \/>\n<meta property=\"og:title\" content=\"21.07. Rakvere \/ Estland - 5. Tag - 296 km - G\u00fcnter&#039;s Blog\" \/>\n<meta property=\"og:description\" content=\"Die Nacht m Zelt war okay, allerdings bereits um 4:30 Uhr zu Ende, da wurde es hell. Um 5:00 Uhr begann ich einzupacken, das nasse \u00dcberdach und den nassen Zeltboden nat\u00fcrlich auch. Zwei Kekse und einige Schl\u00fccke Wasser, mehr war nicht drin. Abfahrt gegen 5:45 Uhr, Ziel war jetzt Loksa der gr\u00f6\u00dfte Ort des Nationalparks [&hellip;]\" \/>\n<meta property=\"og:url\" content=\"http:\/\/guderley.com\/?p=1285\" \/>\n<meta property=\"og:site_name\" content=\"G\u00fcnter&#039;s Blog\" \/>\n<meta property=\"article:published_time\" content=\"2012-07-21T20:33:54+00:00\" \/>\n<meta property=\"og:image\" content=\"http:\/\/guderley.com\/wp-content\/uploads\/2012\/07\/wpid-Photo-21.07.2012-0954.jpg\" \/>\n<meta name=\"author\" content=\"guenter\" \/>\n<meta name=\"twitter:card\" content=\"summary_large_image\" \/>\n<meta name=\"twitter:label1\" content=\"Verfasst von\" \/>\n\t<meta name=\"twitter:data1\" content=\"guenter\" \/>\n\t<meta name=\"twitter:label2\" content=\"Gesch\u00e4tzte Lesezeit\" \/>\n\t<meta name=\"twitter:data2\" content=\"2\u00a0Minuten\" \/>\n<script type=\"application\/ld+json\" class=\"yoast-schema-graph\">{\"@context\":\"https:\/\/schema.org\",\"@graph\":[{\"@type\":\"Article\",\"@id\":\"http:\/\/guderley.com\/?p=1285#article\",\"isPartOf\":{\"@id\":\"http:\/\/guderley.com\/?p=1285\"},\"author\":{\"name\":\"guenter\",\"@id\":\"https:\/\/guderley.com\/#\/schema\/person\/24a827645a6fedd3481426a7028dfdcd\"},\"headline\":\"21.07. Rakvere \/ Estland &#8211; 5. Tag &#8211; 296 km\",\"datePublished\":\"2012-07-21T20:33:54+00:00\",\"mainEntityOfPage\":{\"@id\":\"http:\/\/guderley.com\/?p=1285\"},\"wordCount\":314,\"commentCount\":1,\"publisher\":{\"@id\":\"https:\/\/guderley.com\/#\/schema\/person\/24a827645a6fedd3481426a7028dfdcd\"},\"image\":{\"@id\":\"http:\/\/guderley.com\/?p=1285#primaryimage\"},\"thumbnailUrl\":\"http:\/\/guderley.com\/wp-content\/uploads\/2012\/07\/wpid-Photo-21.07.2012-0954.jpg\",\"articleSection\":[\"2012 BALTIKUM\"],\"inLanguage\":\"de\",\"potentialAction\":[{\"@type\":\"CommentAction\",\"name\":\"Comment\",\"target\":[\"http:\/\/guderley.com\/?p=1285#respond\"]}]},{\"@type\":\"WebPage\",\"@id\":\"http:\/\/guderley.com\/?p=1285\",\"url\":\"http:\/\/guderley.com\/?p=1285\",\"name\":\"21.07. Rakvere \/ Estland - 5. Tag - 296 km - G\u00fcnter&#039;s Blog\",\"isPartOf\":{\"@id\":\"https:\/\/guderley.com\/#website\"},\"primaryImageOfPage\":{\"@id\":\"http:\/\/guderley.com\/?p=1285#primaryimage\"},\"image\":{\"@id\":\"http:\/\/guderley.com\/?p=1285#primaryimage\"},\"thumbnailUrl\":\"http:\/\/guderley.com\/wp-content\/uploads\/2012\/07\/wpid-Photo-21.07.2012-0954.jpg\",\"datePublished\":\"2012-07-21T20:33:54+00:00\",\"breadcrumb\":{\"@id\":\"http:\/\/guderley.com\/?p=1285#breadcrumb\"},\"inLanguage\":\"de\",\"potentialAction\":[{\"@type\":\"ReadAction\",\"target\":[\"http:\/\/guderley.com\/?p=1285\"]}]},{\"@type\":\"ImageObject\",\"inLanguage\":\"de\",\"@id\":\"http:\/\/guderley.com\/?p=1285#primaryimage\",\"url\":\"https:\/\/i0.wp.com\/guderley.com\/wp-content\/uploads\/2012\/07\/wpid-Photo-21.07.2012-0954.jpg?fit=1024%2C768\",\"contentUrl\":\"https:\/\/i0.wp.com\/guderley.com\/wp-content\/uploads\/2012\/07\/wpid-Photo-21.07.2012-0954.jpg?fit=1024%2C768\",\"width\":\"1024\",\"height\":\"768\"},{\"@type\":\"BreadcrumbList\",\"@id\":\"http:\/\/guderley.com\/?p=1285#breadcrumb\",\"itemListElement\":[{\"@type\":\"ListItem\",\"position\":1,\"name\":\"Startseite\",\"item\":\"https:\/\/guderley.com\/\"},{\"@type\":\"ListItem\",\"position\":2,\"name\":\"21.07. Rakvere \/ Estland &#8211; 5. Tag &#8211; 296 km\"}]},{\"@type\":\"WebSite\",\"@id\":\"https:\/\/guderley.com\/#website\",\"url\":\"https:\/\/guderley.com\/\",\"name\":\"G\u00fcnter's Blog\",\"description\":\"Fahrrad Touren rund um die Welt\",\"publisher\":{\"@id\":\"https:\/\/guderley.com\/#\/schema\/person\/24a827645a6fedd3481426a7028dfdcd\"},\"alternateName\":\"G\u00fcnter's Blog\",\"potentialAction\":[{\"@type\":\"SearchAction\",\"target\":{\"@type\":\"EntryPoint\",\"urlTemplate\":\"https:\/\/guderley.com\/?s={search_term_string}\"},\"query-input\":{\"@type\":\"PropertyValueSpecification\",\"valueRequired\":true,\"valueName\":\"search_term_string\"}}],\"inLanguage\":\"de\"},{\"@type\":[\"Person\",\"Organization\"],\"@id\":\"https:\/\/guderley.com\/#\/schema\/person\/24a827645a6fedd3481426a7028dfdcd\",\"name\":\"guenter\",\"image\":{\"@type\":\"ImageObject\",\"inLanguage\":\"de\",\"@id\":\"https:\/\/guderley.com\/#\/schema\/person\/image\/\",\"url\":\"https:\/\/i0.wp.com\/guderley.com\/wp-content\/uploads\/img_8008-scaled.jpg?fit=1920%2C2560\",\"contentUrl\":\"https:\/\/i0.wp.com\/guderley.com\/wp-content\/uploads\/img_8008-scaled.jpg?fit=1920%2C2560\",\"width\":1920,\"height\":2560,\"caption\":\"guenter\"},\"logo\":{\"@id\":\"https:\/\/guderley.com\/#\/schema\/person\/image\/\"},\"sameAs\":[\"http:\/\/guderley.com\/blog\"],\"url\":\"http:\/\/guderley.com\/?author=2\"}]}<\/script>\n<!-- \/ Yoast SEO plugin. -->","yoast_head_json":{"title":"21.07. Rakvere \/ Estland - 5. Tag - 296 km - G\u00fcnter&#039;s Blog","robots":{"index":"index","follow":"follow","max-snippet":"max-snippet:-1","max-image-preview":"max-image-preview:large","max-video-preview":"max-video-preview:-1"},"canonical":"http:\/\/guderley.com\/?p=1285","og_locale":"de_DE","og_type":"article","og_title":"21.07. Rakvere \/ Estland - 5. Tag - 296 km - G\u00fcnter&#039;s Blog","og_description":"Die Nacht m Zelt war okay, allerdings bereits um 4:30 Uhr zu Ende, da wurde es hell. Um 5:00 Uhr begann ich einzupacken, das nasse \u00dcberdach und den nassen Zeltboden nat\u00fcrlich auch. Zwei Kekse und einige Schl\u00fccke Wasser, mehr war nicht drin. Abfahrt gegen 5:45 Uhr, Ziel war jetzt Loksa der gr\u00f6\u00dfte Ort des Nationalparks [&hellip;]","og_url":"http:\/\/guderley.com\/?p=1285","og_site_name":"G\u00fcnter&#039;s Blog","article_published_time":"2012-07-21T20:33:54+00:00","og_image":[{"url":"http:\/\/guderley.com\/wp-content\/uploads\/2012\/07\/wpid-Photo-21.07.2012-0954.jpg","type":"","width":"","height":""}],"author":"guenter","twitter_card":"summary_large_image","twitter_misc":{"Verfasst von":"guenter","Gesch\u00e4tzte Lesezeit":"2\u00a0Minuten"},"schema":{"@context":"https:\/\/schema.org","@graph":[{"@type":"Article","@id":"http:\/\/guderley.com\/?p=1285#article","isPartOf":{"@id":"http:\/\/guderley.com\/?p=1285"},"author":{"name":"guenter","@id":"https:\/\/guderley.com\/#\/schema\/person\/24a827645a6fedd3481426a7028dfdcd"},"headline":"21.07. Rakvere \/ Estland &#8211; 5. Tag &#8211; 296 km","datePublished":"2012-07-21T20:33:54+00:00","mainEntityOfPage":{"@id":"http:\/\/guderley.com\/?p=1285"},"wordCount":314,"commentCount":1,"publisher":{"@id":"https:\/\/guderley.com\/#\/schema\/person\/24a827645a6fedd3481426a7028dfdcd"},"image":{"@id":"http:\/\/guderley.com\/?p=1285#primaryimage"},"thumbnailUrl":"http:\/\/guderley.com\/wp-content\/uploads\/2012\/07\/wpid-Photo-21.07.2012-0954.jpg","articleSection":["2012 BALTIKUM"],"inLanguage":"de","potentialAction":[{"@type":"CommentAction","name":"Comment","target":["http:\/\/guderley.com\/?p=1285#respond"]}]},{"@type":"WebPage","@id":"http:\/\/guderley.com\/?p=1285","url":"http:\/\/guderley.com\/?p=1285","name":"21.07. Rakvere \/ Estland - 5. Tag - 296 km - G\u00fcnter&#039;s Blog","isPartOf":{"@id":"https:\/\/guderley.com\/#website"},"primaryImageOfPage":{"@id":"http:\/\/guderley.com\/?p=1285#primaryimage"},"image":{"@id":"http:\/\/guderley.com\/?p=1285#primaryimage"},"thumbnailUrl":"http:\/\/guderley.com\/wp-content\/uploads\/2012\/07\/wpid-Photo-21.07.2012-0954.jpg","datePublished":"2012-07-21T20:33:54+00:00","breadcrumb":{"@id":"http:\/\/guderley.com\/?p=1285#breadcrumb"},"inLanguage":"de","potentialAction":[{"@type":"ReadAction","target":["http:\/\/guderley.com\/?p=1285"]}]},{"@type":"ImageObject","inLanguage":"de","@id":"http:\/\/guderley.com\/?p=1285#primaryimage","url":"https:\/\/i0.wp.com\/guderley.com\/wp-content\/uploads\/2012\/07\/wpid-Photo-21.07.2012-0954.jpg?fit=1024%2C768","contentUrl":"https:\/\/i0.wp.com\/guderley.com\/wp-content\/uploads\/2012\/07\/wpid-Photo-21.07.2012-0954.jpg?fit=1024%2C768","width":"1024","height":"768"},{"@type":"BreadcrumbList","@id":"http:\/\/guderley.com\/?p=1285#breadcrumb","itemListElement":[{"@type":"ListItem","position":1,"name":"Startseite","item":"https:\/\/guderley.com\/"},{"@type":"ListItem","position":2,"name":"21.07. Rakvere \/ Estland &#8211; 5. Tag &#8211; 296 km"}]},{"@type":"WebSite","@id":"https:\/\/guderley.com\/#website","url":"https:\/\/guderley.com\/","name":"G\u00fcnter's Blog","description":"Fahrrad Touren rund um die Welt","publisher":{"@id":"https:\/\/guderley.com\/#\/schema\/person\/24a827645a6fedd3481426a7028dfdcd"},"alternateName":"G\u00fcnter's Blog","potentialAction":[{"@type":"SearchAction","target":{"@type":"EntryPoint","urlTemplate":"https:\/\/guderley.com\/?s={search_term_string}"},"query-input":{"@type":"PropertyValueSpecification","valueRequired":true,"valueName":"search_term_string"}}],"inLanguage":"de"},{"@type":["Person","Organization"],"@id":"https:\/\/guderley.com\/#\/schema\/person\/24a827645a6fedd3481426a7028dfdcd","name":"guenter","image":{"@type":"ImageObject","inLanguage":"de","@id":"https:\/\/guderley.com\/#\/schema\/person\/image\/","url":"https:\/\/i0.wp.com\/guderley.com\/wp-content\/uploads\/img_8008-scaled.jpg?fit=1920%2C2560","contentUrl":"https:\/\/i0.wp.com\/guderley.com\/wp-content\/uploads\/img_8008-scaled.jpg?fit=1920%2C2560","width":1920,"height":2560,"caption":"guenter"},"logo":{"@id":"https:\/\/guderley.com\/#\/schema\/person\/image\/"},"sameAs":["http:\/\/guderley.com\/blog"],"url":"http:\/\/guderley.com\/?author=2"}]}},"jetpack_featured_media_url":"","jetpack_sharing_enabled":true,"jetpack_shortlink":"https:\/\/wp.me\/p9IuXF-kJ","jetpack_likes_enabled":true,"jetpack-related-posts":[{"id":1600,"url":"http:\/\/guderley.com\/?p=1600","url_meta":{"origin":1285,"position":0},"title":"24.8.  Schlo\u00df Neuhardenberg \/ Deutschland &#8211; Tag 39 &#8211; km 3569","author":"guenter","date":"August 24, 2012","format":false,"excerpt":"Die Villa Toscania war wirklich prima, zwar ein wenig geisterhaft, da au\u00dfer mir nur zwei weitere G\u00e4ste in dem gro\u00dfen Haus waren.Heute in vier Monaten ist Heilig Abend, was liegt n\u00e4her als mal zu gucken, ob der Weihnachtsbraten schon in Vorbereitung ist. Sieht gut aus !Ich bin zeitig los, da\u2026","rel":"","context":"In &quot;2012 BALTIKUM&quot;","block_context":{"text":"2012 BALTIKUM","link":"http:\/\/guderley.com\/?cat=22"},"img":{"alt_text":"","src":"https:\/\/i0.wp.com\/guderley.com\/wp-content\/uploads\/2012\/08\/wpid-Photo-24.08.2012-1229.jpg?resize=350%2C200","width":350,"height":200,"srcset":"https:\/\/i0.wp.com\/guderley.com\/wp-content\/uploads\/2012\/08\/wpid-Photo-24.08.2012-1229.jpg?resize=350%2C200 1x, https:\/\/i0.wp.com\/guderley.com\/wp-content\/uploads\/2012\/08\/wpid-Photo-24.08.2012-1229.jpg?resize=525%2C300 1.5x, https:\/\/i0.wp.com\/guderley.com\/wp-content\/uploads\/2012\/08\/wpid-Photo-24.08.2012-1229.jpg?resize=700%2C400 2x"},"classes":[]},{"id":2496,"url":"http:\/\/guderley.com\/?p=2496","url_meta":{"origin":1285,"position":1},"title":"6. Dez. 2014 &#8211; Sa &#8211; 23. Tag","author":"guenter","date":"Dezember 7, 2014","format":false,"excerpt":"Etappe 101 - Nationalpark Torres del Paine - Puerto Natales \/ Lunchtruck50 km - 1600 hm \/ Gesamt: 1760 km\u00a0Das war der Tag der \"Flying Bicycles\" und teilweise Horror pur.Zur Vorgeschichte: Gestern nach einem opulenten Abendessen im Hotelrestaurant sind wir die 800 m zum Camp schon im Sturm gegangen. Zu\u2026","rel":"","context":"In &quot;2014 PATAGONIEN&quot;","block_context":{"text":"2014 PATAGONIEN","link":"http:\/\/guderley.com\/?cat=26"},"img":{"alt_text":"","src":"https:\/\/i0.wp.com\/guderley.com\/wp-content\/uploads\/2014\/12\/wpid-Photo-09.12.2014-0826.jpg?resize=350%2C200","width":350,"height":200,"srcset":"https:\/\/i0.wp.com\/guderley.com\/wp-content\/uploads\/2014\/12\/wpid-Photo-09.12.2014-0826.jpg?resize=350%2C200 1x, https:\/\/i0.wp.com\/guderley.com\/wp-content\/uploads\/2014\/12\/wpid-Photo-09.12.2014-0826.jpg?resize=525%2C300 1.5x, https:\/\/i0.wp.com\/guderley.com\/wp-content\/uploads\/2014\/12\/wpid-Photo-09.12.2014-0826.jpg?resize=700%2C400 2x"},"classes":[]},{"id":2755,"url":"http:\/\/guderley.com\/?p=2755","url_meta":{"origin":1285,"position":2},"title":"Tag 15 &#8211; Do 11.6.2015 &#8211; 116 km Grand Fort Phillippe &#8211; Stella Plage \/ Gesamt: 1681 km","author":"guenter","date":"Juni 12, 2015","format":false,"excerpt":"An der Haibacher Partnergemeinde Marck vorbei bin ich morgens nach Calais gefahren - einige Besorgungen standen an und ein gem\u00fctlicher Kaffee in einem gut frequentierten Caf\u00e9.Gleich hinter Calais war erstmal \"Schluss mit lustig\" - die ersten echten Steigungen auf dieser Tour waren zu bew\u00e4ltigen. Auf den gesamten Tag bezogen wurden\u2026","rel":"","context":"In &quot;2015 BENELUX - FRANKREICH&quot;","block_context":{"text":"2015 BENELUX - FRANKREICH","link":"http:\/\/guderley.com\/?cat=27"},"img":{"alt_text":"","src":"https:\/\/i0.wp.com\/guderley.com\/wp-content\/uploads\/2015\/06\/wpid-Photo-11.06.2015-1426.jpg?resize=350%2C200","width":350,"height":200,"srcset":"https:\/\/i0.wp.com\/guderley.com\/wp-content\/uploads\/2015\/06\/wpid-Photo-11.06.2015-1426.jpg?resize=350%2C200 1x, https:\/\/i0.wp.com\/guderley.com\/wp-content\/uploads\/2015\/06\/wpid-Photo-11.06.2015-1426.jpg?resize=525%2C300 1.5x, https:\/\/i0.wp.com\/guderley.com\/wp-content\/uploads\/2015\/06\/wpid-Photo-11.06.2015-1426.jpg?resize=700%2C400 2x"},"classes":[]},{"id":2429,"url":"http:\/\/guderley.com\/?p=2429","url_meta":{"origin":1285,"position":3},"title":"22. Nov. 2014 &#8211; Sa &#8211; 9. Tag","author":"guenter","date":"November 22, 2014","format":false,"excerpt":"Etappe 88 Coyhaique - Puerto Iba\u00f1ez139 km - 2100 hm \/ Gesamt-Km: Der Ruhetag in Coyhaique hat wahrscheinlich allen sehr gut getan, mir auf jeden Fall. Hatte ich doch heute Morgen echt Lust auf Radfahren. Nachdem ich den Gep\u00e4cktransport vom Hostal zum Campingplatz organisiert hatte sind Alfred, Juerg und ich\u2026","rel":"","context":"In &quot;2014 PATAGONIEN&quot;","block_context":{"text":"2014 PATAGONIEN","link":"http:\/\/guderley.com\/?cat=26"},"img":{"alt_text":"","src":"https:\/\/i0.wp.com\/guderley.com\/wp-content\/uploads\/2014\/12\/wpid-Photo-22.11.2014-16231.jpg?resize=350%2C200","width":350,"height":200,"srcset":"https:\/\/i0.wp.com\/guderley.com\/wp-content\/uploads\/2014\/12\/wpid-Photo-22.11.2014-16231.jpg?resize=350%2C200 1x, https:\/\/i0.wp.com\/guderley.com\/wp-content\/uploads\/2014\/12\/wpid-Photo-22.11.2014-16231.jpg?resize=525%2C300 1.5x, https:\/\/i0.wp.com\/guderley.com\/wp-content\/uploads\/2014\/12\/wpid-Photo-22.11.2014-16231.jpg?resize=700%2C400 2x"},"classes":[]},{"id":2303,"url":"http:\/\/guderley.com\/?p=2303","url_meta":{"origin":1285,"position":4},"title":"17. Nov. 2014 &#8211; Mo &#8211; 4. Tag","author":"guenter","date":"November 20, 2014","format":false,"excerpt":"Etappe 85 - Futaleuf\u00fa \/ Chile - Villa Vanguardia 108 km - 1400 hm \/ Gesamt: 469 km \/ 4030 hm Die \u00dcbernachtung in Futaleuf\u00fa war sehr gut und nach ordentlichem Fr\u00fchst\u00fcck sind wir um 9:00 Uhr zu unserer ersten Tagesetappe in Chile aufgebrochen. Angesagt waren 106 km auf den\u2026","rel":"","context":"In &quot;2014 PATAGONIEN&quot;","block_context":{"text":"2014 PATAGONIEN","link":"http:\/\/guderley.com\/?cat=26"},"img":{"alt_text":"Mit Blogsy ver\u00f6ffentlicht","src":"https:\/\/i0.wp.com\/blogsyapp.com\/images\/blogsy_footer_icon.png?resize=350%2C200","width":350,"height":200},"classes":[]},{"id":1828,"url":"http:\/\/guderley.com\/?p=1828","url_meta":{"origin":1285,"position":5},"title":"J\u00e4ttendal  &#8211;  Tag 17  &#8211;  Mittwoch, 29. Mai","author":"guenter","date":"Mai 29, 2013","format":false,"excerpt":"119 km \/ 896 hm \/ 7:36 h - Gesamt 1843 km \/ 9905 hm \/ 111:32 Ein vollkommen trockenes Zelt einzupacken zeugt von sehr guten Wetterbedingungen. Tats\u00e4chlich strahlt die Sonne vom Himmel, bei herrlich frischer Luft. Und das Beste ist, im Moment sieht es nach dauerhaft sch\u00f6nem Wetter aus.\u2026","rel":"","context":"In &quot;2013 NORDKAPP&quot;","block_context":{"text":"2013 NORDKAPP","link":"http:\/\/guderley.com\/?cat=23"},"img":{"alt_text":"","src":"https:\/\/i0.wp.com\/guderley.com\/wp-content\/uploads\/2013\/05\/wpid-Photo-29.05.2013-20231.jpg?resize=350%2C200","width":350,"height":200,"srcset":"https:\/\/i0.wp.com\/guderley.com\/wp-content\/uploads\/2013\/05\/wpid-Photo-29.05.2013-20231.jpg?resize=350%2C200 1x, https:\/\/i0.wp.com\/guderley.com\/wp-content\/uploads\/2013\/05\/wpid-Photo-29.05.2013-20231.jpg?resize=525%2C300 1.5x, https:\/\/i0.wp.com\/guderley.com\/wp-content\/uploads\/2013\/05\/wpid-Photo-29.05.2013-20231.jpg?resize=700%2C400 2x"},"classes":[]}],"_links":{"self":[{"href":"http:\/\/guderley.com\/index.php?rest_route=\/wp\/v2\/posts\/1285","targetHints":{"allow":["GET"]}}],"collection":[{"href":"http:\/\/guderley.com\/index.php?rest_route=\/wp\/v2\/posts"}],"about":[{"href":"http:\/\/guderley.com\/index.php?rest_route=\/wp\/v2\/types\/post"}],"author":[{"embeddable":true,"href":"http:\/\/guderley.com\/index.php?rest_route=\/wp\/v2\/users\/2"}],"replies":[{"embeddable":true,"href":"http:\/\/guderley.com\/index.php?rest_route=%2Fwp%2Fv2%2Fcomments&post=1285"}],"version-history":[{"count":0,"href":"http:\/\/guderley.com\/index.php?rest_route=\/wp\/v2\/posts\/1285\/revisions"}],"wp:attachment":[{"href":"http:\/\/guderley.com\/index.php?rest_route=%2Fwp%2Fv2%2Fmedia&parent=1285"}],"wp:term":[{"taxonomy":"category","embeddable":true,"href":"http:\/\/guderley.com\/index.php?rest_route=%2Fwp%2Fv2%2Fcategories&post=1285"},{"taxonomy":"post_tag","embeddable":true,"href":"http:\/\/guderley.com\/index.php?rest_route=%2Fwp%2Fv2%2Ftags&post=1285"}],"curies":[{"name":"wp","href":"https:\/\/api.w.org\/{rel}","templated":true}]}}