{"id":1281,"date":"2012-07-21T06:59:08","date_gmt":"2012-07-21T05:59:08","guid":{"rendered":"http:\/\/guderley.com\/?p=1281"},"modified":"2012-07-21T06:59:08","modified_gmt":"2012-07-21T05:59:08","slug":"20-7-leesi-estland-4-tag-165-km","status":"publish","type":"post","link":"http:\/\/guderley.com\/?p=1281","title":{"rendered":"20.7. Leesi \/ Estland &#8211; 4. Tag &#8211; 165 km"},"content":{"rendered":"<p> Ich verlasse Helsinki mit der komplett ausgebuchten F\u00e4hre nach Tallinn. Mit dem Fahrrad darf ich als allererster an Bord, nach mir kommen 1000 Finnen und Russen, deren wichtigstes Ziel eine der vielen Bars an Bord ist.<\/p>\n<div class=\"separator\" style=\"clear: both; text-align: center;\"><a href=\"https:\/\/i0.wp.com\/guderley.com\/wp-content\/uploads\/2012\/07\/wpid-Photo-20.07.2012-0818.jpg\" target=\"_blank\" style=\"margin-left: 1em; margin-right: 1em;\"><img data-recalc-dims=\"1\" decoding=\"async\" src=\"https:\/\/i0.wp.com\/guderley.com\/wp-content\/uploads\/2012\/07\/wpid-Photo-20.07.2012-0818.jpg?resize=500%2C375\" id=\"blogsy-1342850331995.802\" class=\"aligncenter\" alt=\"\" width=\"500\" height=\"375\"><\/a><\/div>\n<p>In Tallinn angekommen g\u00f6nne ich mir ein Mittagessen am Hafen und dann geht die Radtour los. Nat\u00fcrlich verfahre ich mich erstmal und brauche eine Weile bis ich auf den Radweg Nummer 1 komme (bitte nicht als deutschen Radweg vorstellen, das ist nur eine Markierung, aber ziemlich gut).<\/p>\n<div class=\"separator\" style=\"clear: both; text-align: none;\"><a href=\"https:\/\/i0.wp.com\/guderley.com\/wp-content\/uploads\/2012\/07\/wpid-Photo-20.07.2012-1356.jpg\" target=\"_blank\" style=\"\"><img data-recalc-dims=\"1\" decoding=\"async\" src=\"https:\/\/i0.wp.com\/guderley.com\/wp-content\/uploads\/2012\/07\/wpid-Photo-20.07.2012-1356.jpg?resize=500%2C375\" id=\"blogsy-1342850331984.2642\" class=\"aligncenter\" alt=\"\" width=\"500\" height=\"375\"><\/a><\/div>\n<p>Die Sonne scheint und ich habe Natur satt. Meer und Wald wechseln mit Passagen durch Agrargebiet ab. Gegen 17 Uhr sto\u00dfe ich auf einen wundersch\u00f6n gelegenen kleinen Wasserfall.<\/p>\n<div class=\"separator\" style=\"clear: both; text-align: right;\"><a href=\"https:\/\/i0.wp.com\/guderley.com\/wp-content\/uploads\/2012\/07\/wpid-Photo-20.07.2012-1620.jpg\" target=\"_blank\" style=\"margin-bottom: 1em; margin-left: 1em;\"><img data-recalc-dims=\"1\" decoding=\"async\" src=\"https:\/\/i0.wp.com\/guderley.com\/wp-content\/uploads\/2012\/07\/wpid-Photo-20.07.2012-1620.jpg?resize=500%2C375\" id=\"blogsy-1342850332080.524\" class=\"aligncenter\" alt=\"\" width=\"500\" height=\"375\"><\/a><\/div>\n<p>Ich kann mich nicht so recht entscheiden, was ich will &#8211; Hotel oder Zelt -. Die Entscheidung wird mir ganz schnell abgenommen. Ein Hotel gibt es auf dieser Halbinsel im Laheema-Nationalpark nicht. Gegen 20 Uhr bin ich in Lessi, am Ende der Welt. Auf einem herrlich gelegenen Grundst\u00fcck am Wasser bieten mir die Eigent\u00fcmer ein St\u00fcck des Gartens f\u00fcr mein Zelt, sp\u00e4ter gibt es sogar noch einen leckeren Tee zu meinen Keksen und meinem Studentenfutter (mehr war nicht zum Abendessen).<\/p>\n<div class=\"separator\" style=\"clear: both; text-align: center;\"><a href=\"https:\/\/i0.wp.com\/guderley.com\/wp-content\/uploads\/2012\/07\/wpid-Photo-21.07.2012-0542.jpg\" target=\"_blank\" style=\"margin-left: 1em; margin-right: 1em;\"><img data-recalc-dims=\"1\" decoding=\"async\" src=\"https:\/\/i0.wp.com\/guderley.com\/wp-content\/uploads\/2012\/07\/wpid-Photo-21.07.2012-0542.jpg?resize=500%2C375\" id=\"blogsy-1342850331990.9412\" class=\"aligncenter\" alt=\"\" width=\"500\" height=\"375\"><\/a><\/div>\n<p>&nbsp;<\/p>\n<div style=\"text-align: right; font-size: small;\" id=\"blogsy_footer\"><a href=\"http:\/\/blogsyapp.com\" target=\"_blank\"><img data-recalc-dims=\"1\" decoding=\"async\" src=\"https:\/\/i0.wp.com\/blogsyapp.com\/images\/blogsy_footer_icon.png?resize=20%2C20\" alt=\"Mit Blogsy ver\u00f6ffentlicht\" style=\"vertical-align: middle; margin-right: 5px;\" width=\"20\" height=\"20\" \/>Mit Blogsy ver\u00f6ffentlicht<\/a><\/div>\n","protected":false},"excerpt":{"rendered":"<p>Ich verlasse Helsinki mit der komplett ausgebuchten F\u00e4hre nach Tallinn. Mit dem Fahrrad darf ich als allererster an Bord, nach mir kommen 1000 Finnen und Russen, deren wichtigstes Ziel eine der vielen Bars an Bord ist. In Tallinn angekommen g\u00f6nne ich mir ein Mittagessen am Hafen und dann geht die Radtour los. Nat\u00fcrlich verfahre ich [&hellip;]<\/p>\n","protected":false},"author":2,"featured_media":0,"comment_status":"open","ping_status":"open","sticky":false,"template":"","format":"standard","meta":{"_jetpack_newsletter_access":"","_jetpack_dont_email_post_to_subs":false,"_jetpack_newsletter_tier_id":0,"_jetpack_memberships_contains_paywalled_content":false,"_jetpack_memberships_contains_paid_content":false,"footnotes":""},"categories":[22],"tags":[],"class_list":["post-1281","post","type-post","status-publish","format-standard","hentry","category-baltikum-2012"],"yoast_head":"<!-- This site is optimized with the Yoast SEO plugin v25.8 - https:\/\/yoast.com\/wordpress\/plugins\/seo\/ -->\n<title>20.7. Leesi \/ Estland - 4. Tag - 165 km - G\u00fcnter&#039;s Blog<\/title>\n<meta name=\"robots\" content=\"index, follow, max-snippet:-1, max-image-preview:large, max-video-preview:-1\" \/>\n<link rel=\"canonical\" href=\"http:\/\/guderley.com\/?p=1281\" \/>\n<meta property=\"og:locale\" content=\"de_DE\" \/>\n<meta property=\"og:type\" content=\"article\" \/>\n<meta property=\"og:title\" content=\"20.7. Leesi \/ Estland - 4. Tag - 165 km - G\u00fcnter&#039;s Blog\" \/>\n<meta property=\"og:description\" content=\"Ich verlasse Helsinki mit der komplett ausgebuchten F\u00e4hre nach Tallinn. Mit dem Fahrrad darf ich als allererster an Bord, nach mir kommen 1000 Finnen und Russen, deren wichtigstes Ziel eine der vielen Bars an Bord ist. In Tallinn angekommen g\u00f6nne ich mir ein Mittagessen am Hafen und dann geht die Radtour los. Nat\u00fcrlich verfahre ich [&hellip;]\" \/>\n<meta property=\"og:url\" content=\"http:\/\/guderley.com\/?p=1281\" \/>\n<meta property=\"og:site_name\" content=\"G\u00fcnter&#039;s Blog\" \/>\n<meta property=\"article:published_time\" content=\"2012-07-21T05:59:08+00:00\" \/>\n<meta property=\"og:image\" content=\"http:\/\/guderley.com\/wp-content\/uploads\/2012\/07\/wpid-Photo-20.07.2012-0818.jpg\" \/>\n<meta name=\"author\" content=\"guenter\" \/>\n<meta name=\"twitter:card\" content=\"summary_large_image\" \/>\n<meta name=\"twitter:label1\" content=\"Verfasst von\" \/>\n\t<meta name=\"twitter:data1\" content=\"guenter\" \/>\n\t<meta name=\"twitter:label2\" content=\"Gesch\u00e4tzte Lesezeit\" \/>\n\t<meta name=\"twitter:data2\" content=\"1\u00a0Minute\" \/>\n<script type=\"application\/ld+json\" class=\"yoast-schema-graph\">{\"@context\":\"https:\/\/schema.org\",\"@graph\":[{\"@type\":\"Article\",\"@id\":\"http:\/\/guderley.com\/?p=1281#article\",\"isPartOf\":{\"@id\":\"http:\/\/guderley.com\/?p=1281\"},\"author\":{\"name\":\"guenter\",\"@id\":\"https:\/\/guderley.com\/#\/schema\/person\/24a827645a6fedd3481426a7028dfdcd\"},\"headline\":\"20.7. Leesi \/ Estland &#8211; 4. Tag &#8211; 165 km\",\"datePublished\":\"2012-07-21T05:59:08+00:00\",\"mainEntityOfPage\":{\"@id\":\"http:\/\/guderley.com\/?p=1281\"},\"wordCount\":208,\"commentCount\":0,\"publisher\":{\"@id\":\"https:\/\/guderley.com\/#\/schema\/person\/24a827645a6fedd3481426a7028dfdcd\"},\"image\":{\"@id\":\"http:\/\/guderley.com\/?p=1281#primaryimage\"},\"thumbnailUrl\":\"http:\/\/guderley.com\/wp-content\/uploads\/2012\/07\/wpid-Photo-20.07.2012-0818.jpg\",\"articleSection\":[\"2012 BALTIKUM\"],\"inLanguage\":\"de\",\"potentialAction\":[{\"@type\":\"CommentAction\",\"name\":\"Comment\",\"target\":[\"http:\/\/guderley.com\/?p=1281#respond\"]}]},{\"@type\":\"WebPage\",\"@id\":\"http:\/\/guderley.com\/?p=1281\",\"url\":\"http:\/\/guderley.com\/?p=1281\",\"name\":\"20.7. Leesi \/ Estland - 4. Tag - 165 km - G\u00fcnter&#039;s Blog\",\"isPartOf\":{\"@id\":\"https:\/\/guderley.com\/#website\"},\"primaryImageOfPage\":{\"@id\":\"http:\/\/guderley.com\/?p=1281#primaryimage\"},\"image\":{\"@id\":\"http:\/\/guderley.com\/?p=1281#primaryimage\"},\"thumbnailUrl\":\"http:\/\/guderley.com\/wp-content\/uploads\/2012\/07\/wpid-Photo-20.07.2012-0818.jpg\",\"datePublished\":\"2012-07-21T05:59:08+00:00\",\"breadcrumb\":{\"@id\":\"http:\/\/guderley.com\/?p=1281#breadcrumb\"},\"inLanguage\":\"de\",\"potentialAction\":[{\"@type\":\"ReadAction\",\"target\":[\"http:\/\/guderley.com\/?p=1281\"]}]},{\"@type\":\"ImageObject\",\"inLanguage\":\"de\",\"@id\":\"http:\/\/guderley.com\/?p=1281#primaryimage\",\"url\":\"https:\/\/i0.wp.com\/guderley.com\/wp-content\/uploads\/2012\/07\/wpid-Photo-20.07.2012-0818.jpg?fit=1024%2C768\",\"contentUrl\":\"https:\/\/i0.wp.com\/guderley.com\/wp-content\/uploads\/2012\/07\/wpid-Photo-20.07.2012-0818.jpg?fit=1024%2C768\",\"width\":\"1024\",\"height\":\"768\"},{\"@type\":\"BreadcrumbList\",\"@id\":\"http:\/\/guderley.com\/?p=1281#breadcrumb\",\"itemListElement\":[{\"@type\":\"ListItem\",\"position\":1,\"name\":\"Startseite\",\"item\":\"https:\/\/guderley.com\/\"},{\"@type\":\"ListItem\",\"position\":2,\"name\":\"20.7. Leesi \/ Estland &#8211; 4. Tag &#8211; 165 km\"}]},{\"@type\":\"WebSite\",\"@id\":\"https:\/\/guderley.com\/#website\",\"url\":\"https:\/\/guderley.com\/\",\"name\":\"G\u00fcnter's Blog\",\"description\":\"Fahrrad Touren rund um die Welt\",\"publisher\":{\"@id\":\"https:\/\/guderley.com\/#\/schema\/person\/24a827645a6fedd3481426a7028dfdcd\"},\"alternateName\":\"G\u00fcnter's Blog\",\"potentialAction\":[{\"@type\":\"SearchAction\",\"target\":{\"@type\":\"EntryPoint\",\"urlTemplate\":\"https:\/\/guderley.com\/?s={search_term_string}\"},\"query-input\":{\"@type\":\"PropertyValueSpecification\",\"valueRequired\":true,\"valueName\":\"search_term_string\"}}],\"inLanguage\":\"de\"},{\"@type\":[\"Person\",\"Organization\"],\"@id\":\"https:\/\/guderley.com\/#\/schema\/person\/24a827645a6fedd3481426a7028dfdcd\",\"name\":\"guenter\",\"image\":{\"@type\":\"ImageObject\",\"inLanguage\":\"de\",\"@id\":\"https:\/\/guderley.com\/#\/schema\/person\/image\/\",\"url\":\"https:\/\/i0.wp.com\/guderley.com\/wp-content\/uploads\/img_8008-scaled.jpg?fit=1920%2C2560\",\"contentUrl\":\"https:\/\/i0.wp.com\/guderley.com\/wp-content\/uploads\/img_8008-scaled.jpg?fit=1920%2C2560\",\"width\":1920,\"height\":2560,\"caption\":\"guenter\"},\"logo\":{\"@id\":\"https:\/\/guderley.com\/#\/schema\/person\/image\/\"},\"sameAs\":[\"http:\/\/guderley.com\/blog\"],\"url\":\"http:\/\/guderley.com\/?author=2\"}]}<\/script>\n<!-- \/ Yoast SEO plugin. -->","yoast_head_json":{"title":"20.7. Leesi \/ Estland - 4. Tag - 165 km - G\u00fcnter&#039;s Blog","robots":{"index":"index","follow":"follow","max-snippet":"max-snippet:-1","max-image-preview":"max-image-preview:large","max-video-preview":"max-video-preview:-1"},"canonical":"http:\/\/guderley.com\/?p=1281","og_locale":"de_DE","og_type":"article","og_title":"20.7. Leesi \/ Estland - 4. Tag - 165 km - G\u00fcnter&#039;s Blog","og_description":"Ich verlasse Helsinki mit der komplett ausgebuchten F\u00e4hre nach Tallinn. Mit dem Fahrrad darf ich als allererster an Bord, nach mir kommen 1000 Finnen und Russen, deren wichtigstes Ziel eine der vielen Bars an Bord ist. In Tallinn angekommen g\u00f6nne ich mir ein Mittagessen am Hafen und dann geht die Radtour los. Nat\u00fcrlich verfahre ich [&hellip;]","og_url":"http:\/\/guderley.com\/?p=1281","og_site_name":"G\u00fcnter&#039;s Blog","article_published_time":"2012-07-21T05:59:08+00:00","og_image":[{"url":"http:\/\/guderley.com\/wp-content\/uploads\/2012\/07\/wpid-Photo-20.07.2012-0818.jpg","type":"","width":"","height":""}],"author":"guenter","twitter_card":"summary_large_image","twitter_misc":{"Verfasst von":"guenter","Gesch\u00e4tzte Lesezeit":"1\u00a0Minute"},"schema":{"@context":"https:\/\/schema.org","@graph":[{"@type":"Article","@id":"http:\/\/guderley.com\/?p=1281#article","isPartOf":{"@id":"http:\/\/guderley.com\/?p=1281"},"author":{"name":"guenter","@id":"https:\/\/guderley.com\/#\/schema\/person\/24a827645a6fedd3481426a7028dfdcd"},"headline":"20.7. Leesi \/ Estland &#8211; 4. Tag &#8211; 165 km","datePublished":"2012-07-21T05:59:08+00:00","mainEntityOfPage":{"@id":"http:\/\/guderley.com\/?p=1281"},"wordCount":208,"commentCount":0,"publisher":{"@id":"https:\/\/guderley.com\/#\/schema\/person\/24a827645a6fedd3481426a7028dfdcd"},"image":{"@id":"http:\/\/guderley.com\/?p=1281#primaryimage"},"thumbnailUrl":"http:\/\/guderley.com\/wp-content\/uploads\/2012\/07\/wpid-Photo-20.07.2012-0818.jpg","articleSection":["2012 BALTIKUM"],"inLanguage":"de","potentialAction":[{"@type":"CommentAction","name":"Comment","target":["http:\/\/guderley.com\/?p=1281#respond"]}]},{"@type":"WebPage","@id":"http:\/\/guderley.com\/?p=1281","url":"http:\/\/guderley.com\/?p=1281","name":"20.7. Leesi \/ Estland - 4. Tag - 165 km - G\u00fcnter&#039;s Blog","isPartOf":{"@id":"https:\/\/guderley.com\/#website"},"primaryImageOfPage":{"@id":"http:\/\/guderley.com\/?p=1281#primaryimage"},"image":{"@id":"http:\/\/guderley.com\/?p=1281#primaryimage"},"thumbnailUrl":"http:\/\/guderley.com\/wp-content\/uploads\/2012\/07\/wpid-Photo-20.07.2012-0818.jpg","datePublished":"2012-07-21T05:59:08+00:00","breadcrumb":{"@id":"http:\/\/guderley.com\/?p=1281#breadcrumb"},"inLanguage":"de","potentialAction":[{"@type":"ReadAction","target":["http:\/\/guderley.com\/?p=1281"]}]},{"@type":"ImageObject","inLanguage":"de","@id":"http:\/\/guderley.com\/?p=1281#primaryimage","url":"https:\/\/i0.wp.com\/guderley.com\/wp-content\/uploads\/2012\/07\/wpid-Photo-20.07.2012-0818.jpg?fit=1024%2C768","contentUrl":"https:\/\/i0.wp.com\/guderley.com\/wp-content\/uploads\/2012\/07\/wpid-Photo-20.07.2012-0818.jpg?fit=1024%2C768","width":"1024","height":"768"},{"@type":"BreadcrumbList","@id":"http:\/\/guderley.com\/?p=1281#breadcrumb","itemListElement":[{"@type":"ListItem","position":1,"name":"Startseite","item":"https:\/\/guderley.com\/"},{"@type":"ListItem","position":2,"name":"20.7. Leesi \/ Estland &#8211; 4. Tag &#8211; 165 km"}]},{"@type":"WebSite","@id":"https:\/\/guderley.com\/#website","url":"https:\/\/guderley.com\/","name":"G\u00fcnter's Blog","description":"Fahrrad Touren rund um die Welt","publisher":{"@id":"https:\/\/guderley.com\/#\/schema\/person\/24a827645a6fedd3481426a7028dfdcd"},"alternateName":"G\u00fcnter's Blog","potentialAction":[{"@type":"SearchAction","target":{"@type":"EntryPoint","urlTemplate":"https:\/\/guderley.com\/?s={search_term_string}"},"query-input":{"@type":"PropertyValueSpecification","valueRequired":true,"valueName":"search_term_string"}}],"inLanguage":"de"},{"@type":["Person","Organization"],"@id":"https:\/\/guderley.com\/#\/schema\/person\/24a827645a6fedd3481426a7028dfdcd","name":"guenter","image":{"@type":"ImageObject","inLanguage":"de","@id":"https:\/\/guderley.com\/#\/schema\/person\/image\/","url":"https:\/\/i0.wp.com\/guderley.com\/wp-content\/uploads\/img_8008-scaled.jpg?fit=1920%2C2560","contentUrl":"https:\/\/i0.wp.com\/guderley.com\/wp-content\/uploads\/img_8008-scaled.jpg?fit=1920%2C2560","width":1920,"height":2560,"caption":"guenter"},"logo":{"@id":"https:\/\/guderley.com\/#\/schema\/person\/image\/"},"sameAs":["http:\/\/guderley.com\/blog"],"url":"http:\/\/guderley.com\/?author=2"}]}},"jetpack_featured_media_url":"","jetpack_sharing_enabled":true,"jetpack_shortlink":"https:\/\/wp.me\/p9IuXF-kF","jetpack_likes_enabled":true,"jetpack-related-posts":[{"id":1510,"url":"http:\/\/guderley.com\/?p=1510","url_meta":{"origin":1281,"position":0},"title":"14.8. Nida \/ Litauen &#8211; Tag 29 &#8211; km 2505","author":"guenter","date":"August 14, 2012","format":false,"excerpt":"Nach dem Aufbruch heute morgen bin ich noch ein wenig durch Klaip\u0117da gerollt und habe dem Denkmal f\u00fcr das \"\u00c4nnchen von Tharau\" auf dem Theaterplatz meine Referenz erwiesen. Auf dem Marktplatz bin ich mit einer alten Frau ins Gespr\u00e4ch gekommen, die noch richtig ostpreu\u00dfisch sprach. Sie lebt ihr ganzes Leben\u2026","rel":"","context":"In &quot;2012 BALTIKUM&quot;","block_context":{"text":"2012 BALTIKUM","link":"http:\/\/guderley.com\/?cat=22"},"img":{"alt_text":"","src":"https:\/\/i0.wp.com\/lh5.googleusercontent.com\/-EGU2TppL6xs\/S13FZAIrm9I\/AAAAAAABGiA\/PulO2w0q_d8\/s500\/Klaipeda%252520%2525285%252529.JPG?resize=350%2C200&ssl=1","width":350,"height":200},"classes":[]},{"id":1332,"url":"http:\/\/guderley.com\/?p=1332","url_meta":{"origin":1281,"position":1},"title":"27.7.  J\u00e4neda \/ Estland &#8211; 11. Tag &#8211; 885 km","author":"guenter","date":"Juli 27, 2012","format":false,"excerpt":"Gegen 19 Uhr musste ich mich entscheiden, d.h. ganz bis Tallinn zu fahren oder eine der letzten station\u00e4ren M\u00f6glichkeiten wahrzunehmen. Die Ecke hier im S\u00fcdosten von Tallinn ist touristisch nicht besucht, das erkl\u00e4rt die wenigen M\u00f6glichkeiten. Bei durchg\u00e4ngig 28 Grad heute und \u00fcber 150 km in den Beinen hatte ich\u2026","rel":"","context":"In &quot;2012 BALTIKUM&quot;","block_context":{"text":"2012 BALTIKUM","link":"http:\/\/guderley.com\/?cat=22"},"img":{"alt_text":"","src":"https:\/\/i0.wp.com\/guderley.com\/wp-content\/uploads\/2012\/07\/wpid-Photo-27.07.2012-1618.jpg?resize=350%2C200","width":350,"height":200,"srcset":"https:\/\/i0.wp.com\/guderley.com\/wp-content\/uploads\/2012\/07\/wpid-Photo-27.07.2012-1618.jpg?resize=350%2C200 1x, https:\/\/i0.wp.com\/guderley.com\/wp-content\/uploads\/2012\/07\/wpid-Photo-27.07.2012-1618.jpg?resize=525%2C300 1.5x, https:\/\/i0.wp.com\/guderley.com\/wp-content\/uploads\/2012\/07\/wpid-Photo-27.07.2012-1618.jpg?resize=700%2C400 2x"},"classes":[]},{"id":2856,"url":"http:\/\/guderley.com\/?p=2856","url_meta":{"origin":1281,"position":2},"title":"Tag 27 &#8211; Di 23. Juni 2015 &#8211; 132 km Corsept \/ Gesamt:  2875 km","author":"guenter","date":"Juni 23, 2015","format":false,"excerpt":"Direkt am Hotel du Ch\u00e2teau bin ich um 9 Uhr auf den Radweg am Kanal Nantes - Brest gerollt. 50 km flaches Fahren und lockeres Pedalieren waren die n\u00e4chsten Stunden angesagt. Ein Genuss bei strahlendem Sonnenschein und keinem Wind.Kurz vor Redon stritten sich zwei Geister in meinem Kopf - am\u2026","rel":"","context":"In &quot;2015 BENELUX - FRANKREICH&quot;","block_context":{"text":"2015 BENELUX - FRANKREICH","link":"http:\/\/guderley.com\/?cat=27"},"img":{"alt_text":"","src":"https:\/\/i0.wp.com\/guderley.com\/wp-content\/uploads\/2015\/06\/wpid-Photo-23.06.2015-1430.jpg?resize=350%2C200","width":350,"height":200,"srcset":"https:\/\/i0.wp.com\/guderley.com\/wp-content\/uploads\/2015\/06\/wpid-Photo-23.06.2015-1430.jpg?resize=350%2C200 1x, https:\/\/i0.wp.com\/guderley.com\/wp-content\/uploads\/2015\/06\/wpid-Photo-23.06.2015-1430.jpg?resize=525%2C300 1.5x, https:\/\/i0.wp.com\/guderley.com\/wp-content\/uploads\/2015\/06\/wpid-Photo-23.06.2015-1430.jpg?resize=700%2C400 2x"},"classes":[]},{"id":866,"url":"http:\/\/guderley.com\/?p=866","url_meta":{"origin":1281,"position":3},"title":"15.08.2011  Trauchgau\/Allg\u00e4u  84 km","author":"guenter","date":"August 15, 2011","format":false,"excerpt":"Eine Woche waren wir zu Gast bei unseren Freunden Klaus und Karin in M\u00fcrnsee bei Bad Heilbrunn. Es war eine pfundige Woche, drei Bergtouren (2 mit Marion und 1 mit Julian und seiner Freundin Kim) und ein bisschen Radfahren im Alpenvorland. Heute Morgen habe ich mich dann etwas z\u00f6gerlich aufs\u2026","rel":"","context":"In &quot;2011 ALLG\u00c4U - NECKAR&quot;","block_context":{"text":"2011 ALLG\u00c4U - NECKAR","link":"http:\/\/guderley.com\/?cat=14"},"img":{"alt_text":"","src":"","width":0,"height":0},"classes":[]},{"id":1352,"url":"http:\/\/guderley.com\/?p=1352","url_meta":{"origin":1281,"position":4},"title":"29.7.  Tallinn \/ Estland &#8211; 13. Tag &#8211; Ruhetag","author":"guenter","date":"Juli 29, 2012","format":false,"excerpt":"Es ist ein br\u00fctend hei\u00dfer Hochsommertag heute in Tallinn. Das Thermometer zeigt schon um 9 Uhr \u00fcber 30 Grad. Ich radle die knapp 2 km vom Hotel zur Altstadt und bin \u00fcberrascht welche Menschenstr\u00f6me bereits so fr\u00fch am Sonntag unterwegs sind. Das Pflaster in der Altstadt ist nicht wirklich fahrradgeeignet\u2026","rel":"","context":"In &quot;2012 BALTIKUM&quot;","block_context":{"text":"2012 BALTIKUM","link":"http:\/\/guderley.com\/?cat=22"},"img":{"alt_text":"","src":"https:\/\/i0.wp.com\/guderley.com\/wp-content\/uploads\/2012\/07\/wpid-Photo-29.07.2012-1132.jpg?resize=350%2C200","width":350,"height":200,"srcset":"https:\/\/i0.wp.com\/guderley.com\/wp-content\/uploads\/2012\/07\/wpid-Photo-29.07.2012-1132.jpg?resize=350%2C200 1x, https:\/\/i0.wp.com\/guderley.com\/wp-content\/uploads\/2012\/07\/wpid-Photo-29.07.2012-1132.jpg?resize=525%2C300 1.5x, https:\/\/i0.wp.com\/guderley.com\/wp-content\/uploads\/2012\/07\/wpid-Photo-29.07.2012-1132.jpg?resize=700%2C400 2x"},"classes":[]},{"id":1341,"url":"http:\/\/guderley.com\/?p=1341","url_meta":{"origin":1281,"position":5},"title":"28.7.  Tallinn \/ Estland &#8211; 12. Tag &#8211; 963 km","author":"guenter","date":"Juli 28, 2012","format":false,"excerpt":"Das Fr\u00fchst\u00fcck in der \"Jugendherberge\" war sehr ordentlich. Nachts war es mal ein bisschen laut, aber ich war ziemlich m\u00fcde und habe sehr gut geschlafen.Kurz nach 8:00 Uhr sa\u00df ich auf dem Rad und bin ganz locker los gerollt. Nach ca. acht Kilometern h\u00e4tte es noch eine \u00dcbernachtungsalternative zu gestern\u2026","rel":"","context":"In &quot;2012 BALTIKUM&quot;","block_context":{"text":"2012 BALTIKUM","link":"http:\/\/guderley.com\/?cat=22"},"img":{"alt_text":"","src":"https:\/\/i0.wp.com\/guderley.com\/wp-content\/uploads\/2012\/07\/wpid-Photo-28.07.2012-1910.jpg?resize=350%2C200","width":350,"height":200,"srcset":"https:\/\/i0.wp.com\/guderley.com\/wp-content\/uploads\/2012\/07\/wpid-Photo-28.07.2012-1910.jpg?resize=350%2C200 1x, https:\/\/i0.wp.com\/guderley.com\/wp-content\/uploads\/2012\/07\/wpid-Photo-28.07.2012-1910.jpg?resize=525%2C300 1.5x, https:\/\/i0.wp.com\/guderley.com\/wp-content\/uploads\/2012\/07\/wpid-Photo-28.07.2012-1910.jpg?resize=700%2C400 2x"},"classes":[]}],"_links":{"self":[{"href":"http:\/\/guderley.com\/index.php?rest_route=\/wp\/v2\/posts\/1281","targetHints":{"allow":["GET"]}}],"collection":[{"href":"http:\/\/guderley.com\/index.php?rest_route=\/wp\/v2\/posts"}],"about":[{"href":"http:\/\/guderley.com\/index.php?rest_route=\/wp\/v2\/types\/post"}],"author":[{"embeddable":true,"href":"http:\/\/guderley.com\/index.php?rest_route=\/wp\/v2\/users\/2"}],"replies":[{"embeddable":true,"href":"http:\/\/guderley.com\/index.php?rest_route=%2Fwp%2Fv2%2Fcomments&post=1281"}],"version-history":[{"count":0,"href":"http:\/\/guderley.com\/index.php?rest_route=\/wp\/v2\/posts\/1281\/revisions"}],"wp:attachment":[{"href":"http:\/\/guderley.com\/index.php?rest_route=%2Fwp%2Fv2%2Fmedia&parent=1281"}],"wp:term":[{"taxonomy":"category","embeddable":true,"href":"http:\/\/guderley.com\/index.php?rest_route=%2Fwp%2Fv2%2Fcategories&post=1281"},{"taxonomy":"post_tag","embeddable":true,"href":"http:\/\/guderley.com\/index.php?rest_route=%2Fwp%2Fv2%2Ftags&post=1281"}],"curies":[{"name":"wp","href":"https:\/\/api.w.org\/{rel}","templated":true}]}}