{"id":1268,"date":"2012-07-19T19:20:19","date_gmt":"2012-07-19T18:20:19","guid":{"rendered":"http:\/\/guderley.com\/?p=1268"},"modified":"2012-07-19T19:30:58","modified_gmt":"2012-07-19T18:30:58","slug":"19-7-helsinki-finnland-3-tag-75-km","status":"publish","type":"post","link":"http:\/\/guderley.com\/?p=1268","title":{"rendered":"19.7.  Helsinki \/ Finnland  &#8211; 3. Tag  &#8211;  75 km"},"content":{"rendered":"<p> Heute morgen bin ich eine Stadtrundfahrt mit der Stra\u00dfenbahn gefahren und habe dabei nochmal alle klassischen Sehensw\u00fcrdigkeiten von Helsinki an mir vorbeiziehen lassen. <\/p>\n<div class=\"separator\" style=\"clear: both; text-align: center;\"><a href=\"https:\/\/i0.wp.com\/guderley.com\/wp-content\/uploads\/2012\/07\/wpid-Photo-19.07.2012-12022.jpg\" target=\"_blank\" style=\"\"><img data-recalc-dims=\"1\" decoding=\"async\" src=\"https:\/\/i0.wp.com\/guderley.com\/wp-content\/uploads\/2012\/07\/wpid-Photo-19.07.2012-12022.jpg?resize=350%2C450\" id=\"blogsy-1342722657867.8674\" class=\"alignnone\" alt=\"\" width=\"350\" height=\"450\"><\/a><\/div>\n<p><strong>Fazit:<\/strong> Helsinki ist auf jeden Fall einen Besuch wert, wenn dann noch so unglaubliches Sommerwetter herrscht wie gestern und heute, dann um so mehr. <\/p>\n<p>Nach einigen technischen Arbeiten bin ich nachmittags etwas aus der Stadt hinausgeradelt und habe unz\u00e4hlige wundersch\u00f6ne am Wasser gelegene Pl\u00e4tze entdeckt. Auch typisch f\u00fcr hier, pl\u00f6tzlich kam ein Regenguss \u00fcber einen See heran und f\u00fcnfzehn Minuten sp\u00e4ter wieder herrlichster Sonnenschein.<\/p>\n<div class=\"separator\" style=\"clear: both; text-align: center;\"><a href=\"https:\/\/i0.wp.com\/guderley.com\/wp-content\/uploads\/2012\/07\/wpid-Photo-19.07.2012-1644.jpg\" target=\"_blank\" style=\"margin-left: 1em; margin-right: 1em;\"><img data-recalc-dims=\"1\" decoding=\"async\" src=\"https:\/\/i0.wp.com\/guderley.com\/wp-content\/uploads\/2012\/07\/wpid-Photo-19.07.2012-1644.jpg?resize=500%2C375\" id=\"blogsy-1342722657848.3398\" class=\"aligncenter\" alt=\"\" width=\"500\" height=\"375\"><\/a><\/div>\n<div class=\"separator\" style=\"clear: both; text-align: center;\"><a href=\"https:\/\/i0.wp.com\/guderley.com\/wp-content\/uploads\/2012\/07\/wpid-Photo-19.07.2012-1750.jpg\" target=\"_blank\" style=\"margin-left: 1em; margin-right: 1em;\"><img data-recalc-dims=\"1\" decoding=\"async\" src=\"https:\/\/i0.wp.com\/guderley.com\/wp-content\/uploads\/2012\/07\/wpid-Photo-19.07.2012-1750.jpg?resize=500%2C375\" id=\"blogsy-1342722657821.5576\" class=\"aligncenter\" alt=\"\" width=\"500\" height=\"375\"><\/a><\/div>\n<div class=\"separator\" style=\"clear: both; text-align: center;\" <a=\"\" href=\"http:\/\/guderley.com\/wp-content\/uploads\/2012\/07\/wpid-Photo-19.07.2012-1806.jpg\" target=\"_blank\"><img data-recalc-dims=\"1\" decoding=\"async\" src=\"https:\/\/i0.wp.com\/guderley.com\/wp-content\/uploads\/2012\/07\/wpid-Photo-19.07.2012-1806.jpg?resize=500%2C375\" id=\"blogsy-1342722657881.5786\" class=\"\" alt=\"\" width=\"500\" height=\"375\"><\/div>\n<p>Morgen fr\u00fch verlasse ich dann diese sportliche und sehr radfreundliche Stadt um 10:30 Uhr mit der F\u00e4hre nach Tallinn in Estland. Entgegen urspr\u00fcnglicher Absichten werde ich zun\u00e4chst nicht in Tallinn bleiben sondern entlang der Nordk\u00fcste Estlands in Richtung russischer Grenze fahren.<\/p>\n<p>&nbsp;<\/p>\n<p>&nbsp;<\/p>\n<div style=\"text-align: right; font-size: small;\" id=\"blogsy_footer\"><a href=\"http:\/\/blogsyapp.com\" target=\"_blank\"><img data-recalc-dims=\"1\" decoding=\"async\" src=\"https:\/\/i0.wp.com\/blogsyapp.com\/images\/blogsy_footer_icon.png?resize=20%2C20\" alt=\"Mit Blogsy ver\u00f6ffentlicht\" style=\"vertical-align: middle; margin-right: 5px;\" width=\"20\" height=\"20\" \/>Mit Blogsy ver\u00f6ffentlicht<\/a><\/div>\n","protected":false},"excerpt":{"rendered":"<p>Heute morgen bin ich eine Stadtrundfahrt mit der Stra\u00dfenbahn gefahren und habe dabei nochmal alle klassischen Sehensw\u00fcrdigkeiten von Helsinki an mir vorbeiziehen lassen. Fazit: Helsinki ist auf jeden Fall einen Besuch wert, wenn dann noch so unglaubliches Sommerwetter herrscht wie gestern und heute, dann um so mehr. Nach einigen technischen Arbeiten bin ich nachmittags etwas [&hellip;]<\/p>\n","protected":false},"author":2,"featured_media":0,"comment_status":"open","ping_status":"open","sticky":false,"template":"","format":"standard","meta":{"_jetpack_newsletter_access":"","_jetpack_dont_email_post_to_subs":false,"_jetpack_newsletter_tier_id":0,"_jetpack_memberships_contains_paywalled_content":false,"_jetpack_memberships_contains_paid_content":false,"footnotes":""},"categories":[22],"tags":[],"class_list":["post-1268","post","type-post","status-publish","format-standard","hentry","category-baltikum-2012"],"yoast_head":"<!-- This site is optimized with the Yoast SEO plugin v25.8 - https:\/\/yoast.com\/wordpress\/plugins\/seo\/ -->\n<title>19.7. Helsinki \/ Finnland - 3. Tag - 75 km - G\u00fcnter&#039;s Blog<\/title>\n<meta name=\"robots\" content=\"index, follow, max-snippet:-1, max-image-preview:large, max-video-preview:-1\" \/>\n<link rel=\"canonical\" href=\"http:\/\/guderley.com\/?p=1268\" \/>\n<meta property=\"og:locale\" content=\"de_DE\" \/>\n<meta property=\"og:type\" content=\"article\" \/>\n<meta property=\"og:title\" content=\"19.7. Helsinki \/ Finnland - 3. Tag - 75 km - G\u00fcnter&#039;s Blog\" \/>\n<meta property=\"og:description\" content=\"Heute morgen bin ich eine Stadtrundfahrt mit der Stra\u00dfenbahn gefahren und habe dabei nochmal alle klassischen Sehensw\u00fcrdigkeiten von Helsinki an mir vorbeiziehen lassen. Fazit: Helsinki ist auf jeden Fall einen Besuch wert, wenn dann noch so unglaubliches Sommerwetter herrscht wie gestern und heute, dann um so mehr. Nach einigen technischen Arbeiten bin ich nachmittags etwas [&hellip;]\" \/>\n<meta property=\"og:url\" content=\"http:\/\/guderley.com\/?p=1268\" \/>\n<meta property=\"og:site_name\" content=\"G\u00fcnter&#039;s Blog\" \/>\n<meta property=\"article:published_time\" content=\"2012-07-19T18:20:19+00:00\" \/>\n<meta property=\"article:modified_time\" content=\"2012-07-19T18:30:58+00:00\" \/>\n<meta property=\"og:image\" content=\"http:\/\/guderley.com\/wp-content\/uploads\/2012\/07\/wpid-Photo-19.07.2012-12022.jpg\" \/>\n<meta name=\"author\" content=\"guenter\" \/>\n<meta name=\"twitter:card\" content=\"summary_large_image\" \/>\n<meta name=\"twitter:label1\" content=\"Verfasst von\" \/>\n\t<meta name=\"twitter:data1\" content=\"guenter\" \/>\n<script type=\"application\/ld+json\" class=\"yoast-schema-graph\">{\"@context\":\"https:\/\/schema.org\",\"@graph\":[{\"@type\":\"Article\",\"@id\":\"http:\/\/guderley.com\/?p=1268#article\",\"isPartOf\":{\"@id\":\"http:\/\/guderley.com\/?p=1268\"},\"author\":{\"name\":\"guenter\",\"@id\":\"https:\/\/guderley.com\/#\/schema\/person\/24a827645a6fedd3481426a7028dfdcd\"},\"headline\":\"19.7. Helsinki \/ Finnland &#8211; 3. Tag &#8211; 75 km\",\"datePublished\":\"2012-07-19T18:20:19+00:00\",\"dateModified\":\"2012-07-19T18:30:58+00:00\",\"mainEntityOfPage\":{\"@id\":\"http:\/\/guderley.com\/?p=1268\"},\"wordCount\":102,\"commentCount\":3,\"publisher\":{\"@id\":\"https:\/\/guderley.com\/#\/schema\/person\/24a827645a6fedd3481426a7028dfdcd\"},\"image\":{\"@id\":\"http:\/\/guderley.com\/?p=1268#primaryimage\"},\"thumbnailUrl\":\"http:\/\/guderley.com\/wp-content\/uploads\/2012\/07\/wpid-Photo-19.07.2012-12022.jpg\",\"articleSection\":[\"2012 BALTIKUM\"],\"inLanguage\":\"de\",\"potentialAction\":[{\"@type\":\"CommentAction\",\"name\":\"Comment\",\"target\":[\"http:\/\/guderley.com\/?p=1268#respond\"]}]},{\"@type\":\"WebPage\",\"@id\":\"http:\/\/guderley.com\/?p=1268\",\"url\":\"http:\/\/guderley.com\/?p=1268\",\"name\":\"19.7. Helsinki \/ Finnland - 3. Tag - 75 km - G\u00fcnter&#039;s Blog\",\"isPartOf\":{\"@id\":\"https:\/\/guderley.com\/#website\"},\"primaryImageOfPage\":{\"@id\":\"http:\/\/guderley.com\/?p=1268#primaryimage\"},\"image\":{\"@id\":\"http:\/\/guderley.com\/?p=1268#primaryimage\"},\"thumbnailUrl\":\"http:\/\/guderley.com\/wp-content\/uploads\/2012\/07\/wpid-Photo-19.07.2012-12022.jpg\",\"datePublished\":\"2012-07-19T18:20:19+00:00\",\"dateModified\":\"2012-07-19T18:30:58+00:00\",\"breadcrumb\":{\"@id\":\"http:\/\/guderley.com\/?p=1268#breadcrumb\"},\"inLanguage\":\"de\",\"potentialAction\":[{\"@type\":\"ReadAction\",\"target\":[\"http:\/\/guderley.com\/?p=1268\"]}]},{\"@type\":\"ImageObject\",\"inLanguage\":\"de\",\"@id\":\"http:\/\/guderley.com\/?p=1268#primaryimage\",\"url\":\"https:\/\/i0.wp.com\/guderley.com\/wp-content\/uploads\/2012\/07\/wpid-Photo-19.07.2012-12022.jpg?fit=768%2C1024\",\"contentUrl\":\"https:\/\/i0.wp.com\/guderley.com\/wp-content\/uploads\/2012\/07\/wpid-Photo-19.07.2012-12022.jpg?fit=768%2C1024\",\"width\":\"768\",\"height\":\"1024\"},{\"@type\":\"BreadcrumbList\",\"@id\":\"http:\/\/guderley.com\/?p=1268#breadcrumb\",\"itemListElement\":[{\"@type\":\"ListItem\",\"position\":1,\"name\":\"Startseite\",\"item\":\"https:\/\/guderley.com\/\"},{\"@type\":\"ListItem\",\"position\":2,\"name\":\"19.7. Helsinki \/ Finnland &#8211; 3. Tag &#8211; 75 km\"}]},{\"@type\":\"WebSite\",\"@id\":\"https:\/\/guderley.com\/#website\",\"url\":\"https:\/\/guderley.com\/\",\"name\":\"G\u00fcnter's Blog\",\"description\":\"Fahrrad Touren rund um die Welt\",\"publisher\":{\"@id\":\"https:\/\/guderley.com\/#\/schema\/person\/24a827645a6fedd3481426a7028dfdcd\"},\"alternateName\":\"G\u00fcnter's Blog\",\"potentialAction\":[{\"@type\":\"SearchAction\",\"target\":{\"@type\":\"EntryPoint\",\"urlTemplate\":\"https:\/\/guderley.com\/?s={search_term_string}\"},\"query-input\":{\"@type\":\"PropertyValueSpecification\",\"valueRequired\":true,\"valueName\":\"search_term_string\"}}],\"inLanguage\":\"de\"},{\"@type\":[\"Person\",\"Organization\"],\"@id\":\"https:\/\/guderley.com\/#\/schema\/person\/24a827645a6fedd3481426a7028dfdcd\",\"name\":\"guenter\",\"image\":{\"@type\":\"ImageObject\",\"inLanguage\":\"de\",\"@id\":\"https:\/\/guderley.com\/#\/schema\/person\/image\/\",\"url\":\"https:\/\/i0.wp.com\/guderley.com\/wp-content\/uploads\/img_8008-scaled.jpg?fit=1920%2C2560\",\"contentUrl\":\"https:\/\/i0.wp.com\/guderley.com\/wp-content\/uploads\/img_8008-scaled.jpg?fit=1920%2C2560\",\"width\":1920,\"height\":2560,\"caption\":\"guenter\"},\"logo\":{\"@id\":\"https:\/\/guderley.com\/#\/schema\/person\/image\/\"},\"sameAs\":[\"http:\/\/guderley.com\/blog\"],\"url\":\"http:\/\/guderley.com\/?author=2\"}]}<\/script>\n<!-- \/ Yoast SEO plugin. -->","yoast_head_json":{"title":"19.7. Helsinki \/ Finnland - 3. Tag - 75 km - G\u00fcnter&#039;s Blog","robots":{"index":"index","follow":"follow","max-snippet":"max-snippet:-1","max-image-preview":"max-image-preview:large","max-video-preview":"max-video-preview:-1"},"canonical":"http:\/\/guderley.com\/?p=1268","og_locale":"de_DE","og_type":"article","og_title":"19.7. Helsinki \/ Finnland - 3. Tag - 75 km - G\u00fcnter&#039;s Blog","og_description":"Heute morgen bin ich eine Stadtrundfahrt mit der Stra\u00dfenbahn gefahren und habe dabei nochmal alle klassischen Sehensw\u00fcrdigkeiten von Helsinki an mir vorbeiziehen lassen. Fazit: Helsinki ist auf jeden Fall einen Besuch wert, wenn dann noch so unglaubliches Sommerwetter herrscht wie gestern und heute, dann um so mehr. Nach einigen technischen Arbeiten bin ich nachmittags etwas [&hellip;]","og_url":"http:\/\/guderley.com\/?p=1268","og_site_name":"G\u00fcnter&#039;s Blog","article_published_time":"2012-07-19T18:20:19+00:00","article_modified_time":"2012-07-19T18:30:58+00:00","og_image":[{"url":"http:\/\/guderley.com\/wp-content\/uploads\/2012\/07\/wpid-Photo-19.07.2012-12022.jpg","type":"","width":"","height":""}],"author":"guenter","twitter_card":"summary_large_image","twitter_misc":{"Verfasst von":"guenter"},"schema":{"@context":"https:\/\/schema.org","@graph":[{"@type":"Article","@id":"http:\/\/guderley.com\/?p=1268#article","isPartOf":{"@id":"http:\/\/guderley.com\/?p=1268"},"author":{"name":"guenter","@id":"https:\/\/guderley.com\/#\/schema\/person\/24a827645a6fedd3481426a7028dfdcd"},"headline":"19.7. Helsinki \/ Finnland &#8211; 3. Tag &#8211; 75 km","datePublished":"2012-07-19T18:20:19+00:00","dateModified":"2012-07-19T18:30:58+00:00","mainEntityOfPage":{"@id":"http:\/\/guderley.com\/?p=1268"},"wordCount":102,"commentCount":3,"publisher":{"@id":"https:\/\/guderley.com\/#\/schema\/person\/24a827645a6fedd3481426a7028dfdcd"},"image":{"@id":"http:\/\/guderley.com\/?p=1268#primaryimage"},"thumbnailUrl":"http:\/\/guderley.com\/wp-content\/uploads\/2012\/07\/wpid-Photo-19.07.2012-12022.jpg","articleSection":["2012 BALTIKUM"],"inLanguage":"de","potentialAction":[{"@type":"CommentAction","name":"Comment","target":["http:\/\/guderley.com\/?p=1268#respond"]}]},{"@type":"WebPage","@id":"http:\/\/guderley.com\/?p=1268","url":"http:\/\/guderley.com\/?p=1268","name":"19.7. Helsinki \/ Finnland - 3. Tag - 75 km - G\u00fcnter&#039;s Blog","isPartOf":{"@id":"https:\/\/guderley.com\/#website"},"primaryImageOfPage":{"@id":"http:\/\/guderley.com\/?p=1268#primaryimage"},"image":{"@id":"http:\/\/guderley.com\/?p=1268#primaryimage"},"thumbnailUrl":"http:\/\/guderley.com\/wp-content\/uploads\/2012\/07\/wpid-Photo-19.07.2012-12022.jpg","datePublished":"2012-07-19T18:20:19+00:00","dateModified":"2012-07-19T18:30:58+00:00","breadcrumb":{"@id":"http:\/\/guderley.com\/?p=1268#breadcrumb"},"inLanguage":"de","potentialAction":[{"@type":"ReadAction","target":["http:\/\/guderley.com\/?p=1268"]}]},{"@type":"ImageObject","inLanguage":"de","@id":"http:\/\/guderley.com\/?p=1268#primaryimage","url":"https:\/\/i0.wp.com\/guderley.com\/wp-content\/uploads\/2012\/07\/wpid-Photo-19.07.2012-12022.jpg?fit=768%2C1024","contentUrl":"https:\/\/i0.wp.com\/guderley.com\/wp-content\/uploads\/2012\/07\/wpid-Photo-19.07.2012-12022.jpg?fit=768%2C1024","width":"768","height":"1024"},{"@type":"BreadcrumbList","@id":"http:\/\/guderley.com\/?p=1268#breadcrumb","itemListElement":[{"@type":"ListItem","position":1,"name":"Startseite","item":"https:\/\/guderley.com\/"},{"@type":"ListItem","position":2,"name":"19.7. Helsinki \/ Finnland &#8211; 3. Tag &#8211; 75 km"}]},{"@type":"WebSite","@id":"https:\/\/guderley.com\/#website","url":"https:\/\/guderley.com\/","name":"G\u00fcnter's Blog","description":"Fahrrad Touren rund um die Welt","publisher":{"@id":"https:\/\/guderley.com\/#\/schema\/person\/24a827645a6fedd3481426a7028dfdcd"},"alternateName":"G\u00fcnter's Blog","potentialAction":[{"@type":"SearchAction","target":{"@type":"EntryPoint","urlTemplate":"https:\/\/guderley.com\/?s={search_term_string}"},"query-input":{"@type":"PropertyValueSpecification","valueRequired":true,"valueName":"search_term_string"}}],"inLanguage":"de"},{"@type":["Person","Organization"],"@id":"https:\/\/guderley.com\/#\/schema\/person\/24a827645a6fedd3481426a7028dfdcd","name":"guenter","image":{"@type":"ImageObject","inLanguage":"de","@id":"https:\/\/guderley.com\/#\/schema\/person\/image\/","url":"https:\/\/i0.wp.com\/guderley.com\/wp-content\/uploads\/img_8008-scaled.jpg?fit=1920%2C2560","contentUrl":"https:\/\/i0.wp.com\/guderley.com\/wp-content\/uploads\/img_8008-scaled.jpg?fit=1920%2C2560","width":1920,"height":2560,"caption":"guenter"},"logo":{"@id":"https:\/\/guderley.com\/#\/schema\/person\/image\/"},"sameAs":["http:\/\/guderley.com\/blog"],"url":"http:\/\/guderley.com\/?author=2"}]}},"jetpack_featured_media_url":"","jetpack_sharing_enabled":true,"jetpack_shortlink":"https:\/\/wp.me\/p9IuXF-ks","jetpack_likes_enabled":true,"jetpack-related-posts":[{"id":425,"url":"http:\/\/guderley.com\/?p=425","url_meta":{"origin":1268,"position":0},"title":"SARRAZAC (Dordogne)  km 2803","author":"guenter","date":"Juni 14, 2010","format":false,"excerpt":"Heute bin ich viel in der Natur und viel im Regen gefahren. In P\u00e9rigueux habe ich einen langen Mittagsstopp gemacht und dann bin ich irgendwie an diversen Fl\u00fcssen und B\u00e4chen hier im P\u00e9rihord herumgegurkt. Irgendwann ging es mal wieder m\u00e4chtig bergauf und da ich schon ein wenig m\u00fcde und langsam\u2026","rel":"","context":"In &quot;2010 EUROPATOUR&quot;","block_context":{"text":"2010 EUROPATOUR","link":"http:\/\/guderley.com\/?cat=1"},"img":{"alt_text":"","src":"https:\/\/i0.wp.com\/guderley.com\/wp-content\/uploads\/2010\/06\/IMGP0139.jpg?resize=350%2C200","width":350,"height":200},"classes":[]},{"id":1341,"url":"http:\/\/guderley.com\/?p=1341","url_meta":{"origin":1268,"position":1},"title":"28.7.  Tallinn \/ Estland &#8211; 12. Tag &#8211; 963 km","author":"guenter","date":"Juli 28, 2012","format":false,"excerpt":"Das Fr\u00fchst\u00fcck in der \"Jugendherberge\" war sehr ordentlich. Nachts war es mal ein bisschen laut, aber ich war ziemlich m\u00fcde und habe sehr gut geschlafen.Kurz nach 8:00 Uhr sa\u00df ich auf dem Rad und bin ganz locker los gerollt. Nach ca. acht Kilometern h\u00e4tte es noch eine \u00dcbernachtungsalternative zu gestern\u2026","rel":"","context":"In &quot;2012 BALTIKUM&quot;","block_context":{"text":"2012 BALTIKUM","link":"http:\/\/guderley.com\/?cat=22"},"img":{"alt_text":"","src":"https:\/\/i0.wp.com\/guderley.com\/wp-content\/uploads\/2012\/07\/wpid-Photo-28.07.2012-1910.jpg?resize=350%2C200","width":350,"height":200,"srcset":"https:\/\/i0.wp.com\/guderley.com\/wp-content\/uploads\/2012\/07\/wpid-Photo-28.07.2012-1910.jpg?resize=350%2C200 1x, https:\/\/i0.wp.com\/guderley.com\/wp-content\/uploads\/2012\/07\/wpid-Photo-28.07.2012-1910.jpg?resize=525%2C300 1.5x, https:\/\/i0.wp.com\/guderley.com\/wp-content\/uploads\/2012\/07\/wpid-Photo-28.07.2012-1910.jpg?resize=700%2C400 2x"},"classes":[]},{"id":1256,"url":"http:\/\/guderley.com\/?p=1256","url_meta":{"origin":1268,"position":2},"title":"18.7.  Helsinki \/ Finnland","author":"guenter","date":"Juli 18, 2012","format":false,"excerpt":"Gegen Mitternacht war es dann wohl dunkel geworden und um 4 Uhr war es schon wieder hell. Das gef\u00e4llt mir. Gut ausgeschlafen habe ich mich an die \u00d6ffnung meines Transportkartons gemacht, der neben dem \"Blauen Elephanten\" weitere wesentliche Teile meiner Ausr\u00fcstung beherbergte (Zelt, Schlafsack, Isomatte etc.). Um es vorweg zu\u2026","rel":"","context":"In &quot;2012 BALTIKUM&quot;","block_context":{"text":"2012 BALTIKUM","link":"http:\/\/guderley.com\/?cat=22"},"img":{"alt_text":"","src":"https:\/\/i0.wp.com\/guderley.com\/wp-content\/uploads\/2012\/07\/wpid-Photo-19.07.2012-2243.jpg?resize=350%2C200","width":350,"height":200,"srcset":"https:\/\/i0.wp.com\/guderley.com\/wp-content\/uploads\/2012\/07\/wpid-Photo-19.07.2012-2243.jpg?resize=350%2C200 1x, https:\/\/i0.wp.com\/guderley.com\/wp-content\/uploads\/2012\/07\/wpid-Photo-19.07.2012-2243.jpg?resize=525%2C300 1.5x, https:\/\/i0.wp.com\/guderley.com\/wp-content\/uploads\/2012\/07\/wpid-Photo-19.07.2012-2243.jpg?resize=700%2C400 2x"},"classes":[]},{"id":875,"url":"http:\/\/guderley.com\/?p=875","url_meta":{"origin":1268,"position":3},"title":"17.08.2011  Blaubeuren  337 km","author":"guenter","date":"August 17, 2011","format":false,"excerpt":"Einen strammen Radtag habe ich heute in der \"Dieter Baumann - Stadt\" Blaubeuren ca. 20 km westlich von Ulm beendet. An der Iller entlang ging es den ganzen Weg n\u00f6rdlich bis nach Ulm. Ich kam heute Morgen nach der Abfahrt ins Illertal kaum in die G\u00e4nge. Schwere Beine und \"schwach\"\u2026","rel":"","context":"In &quot;2011 ALLG\u00c4U - NECKAR&quot;","block_context":{"text":"2011 ALLG\u00c4U - NECKAR","link":"http:\/\/guderley.com\/?cat=14"},"img":{"alt_text":"","src":"","width":0,"height":0},"classes":[]},{"id":143,"url":"http:\/\/guderley.com\/?p=143","url_meta":{"origin":1268,"position":4},"title":"TARIFA (C\u00e1diz) Km-Stand: 230","author":"guenter","date":"Mai 20, 2010","format":false,"excerpt":"Heute Morgen habe ich das mehr als gastliche Haus Palma in San Roque verlassen (nochmals vielen Dank) und mich via Algeciras auf den Weg nach Tarifa gemacht. Gleich hinter Algeciras begann die erste Bergwertung und ich bin ungefaehr eine Stunde stramm bergauf gefahren. Die gut 20 kg auf dem Gepaecktraeger\u2026","rel":"","context":"In &quot;2010 EUROPATOUR&quot;","block_context":{"text":"2010 EUROPATOUR","link":"http:\/\/guderley.com\/?cat=1"},"img":{"alt_text":"","src":"https:\/\/i0.wp.com\/guderley.com\/wp-content\/uploads\/2010\/05\/IMGP0019-300x225.jpg?resize=350%2C200","width":350,"height":200},"classes":[]},{"id":866,"url":"http:\/\/guderley.com\/?p=866","url_meta":{"origin":1268,"position":5},"title":"15.08.2011  Trauchgau\/Allg\u00e4u  84 km","author":"guenter","date":"August 15, 2011","format":false,"excerpt":"Eine Woche waren wir zu Gast bei unseren Freunden Klaus und Karin in M\u00fcrnsee bei Bad Heilbrunn. Es war eine pfundige Woche, drei Bergtouren (2 mit Marion und 1 mit Julian und seiner Freundin Kim) und ein bisschen Radfahren im Alpenvorland. Heute Morgen habe ich mich dann etwas z\u00f6gerlich aufs\u2026","rel":"","context":"In &quot;2011 ALLG\u00c4U - NECKAR&quot;","block_context":{"text":"2011 ALLG\u00c4U - NECKAR","link":"http:\/\/guderley.com\/?cat=14"},"img":{"alt_text":"","src":"","width":0,"height":0},"classes":[]}],"_links":{"self":[{"href":"http:\/\/guderley.com\/index.php?rest_route=\/wp\/v2\/posts\/1268","targetHints":{"allow":["GET"]}}],"collection":[{"href":"http:\/\/guderley.com\/index.php?rest_route=\/wp\/v2\/posts"}],"about":[{"href":"http:\/\/guderley.com\/index.php?rest_route=\/wp\/v2\/types\/post"}],"author":[{"embeddable":true,"href":"http:\/\/guderley.com\/index.php?rest_route=\/wp\/v2\/users\/2"}],"replies":[{"embeddable":true,"href":"http:\/\/guderley.com\/index.php?rest_route=%2Fwp%2Fv2%2Fcomments&post=1268"}],"version-history":[{"count":2,"href":"http:\/\/guderley.com\/index.php?rest_route=\/wp\/v2\/posts\/1268\/revisions"}],"predecessor-version":[{"id":1271,"href":"http:\/\/guderley.com\/index.php?rest_route=\/wp\/v2\/posts\/1268\/revisions\/1271"}],"wp:attachment":[{"href":"http:\/\/guderley.com\/index.php?rest_route=%2Fwp%2Fv2%2Fmedia&parent=1268"}],"wp:term":[{"taxonomy":"category","embeddable":true,"href":"http:\/\/guderley.com\/index.php?rest_route=%2Fwp%2Fv2%2Fcategories&post=1268"},{"taxonomy":"post_tag","embeddable":true,"href":"http:\/\/guderley.com\/index.php?rest_route=%2Fwp%2Fv2%2Ftags&post=1268"}],"curies":[{"name":"wp","href":"https:\/\/api.w.org\/{rel}","templated":true}]}}